{"id":32539,"date":"2025-01-07T11:43:50","date_gmt":"2025-01-07T14:43:50","guid":{"rendered":"https:\/\/radiostudiow.com.br\/site\/?p=32539"},"modified":"2025-01-31T14:58:00","modified_gmt":"2025-01-31T17:58:00","slug":"acidente-na-br-153-mobiliza-equipes-de-resgate-em-general-carneiro-2","status":"publish","type":"post","link":"https:\/\/radiostudiow.com.br\/site\/2025\/01\/07\/acidente-na-br-153-mobiliza-equipes-de-resgate-em-general-carneiro-2\/","title":{"rendered":"Acidente na BR-153 mobiliza equipes de resgate em General Carneiro"},"content":{"rendered":"\n<p>Um acidente de tr\u00e2nsito foi registrado na BR-153, KM 03, pr\u00f3ximo ao Bul\u00e3o, em General Carneiro por volta das 21:30 horas deste s\u00e1bado (04).<\/p>\n\n\n\n<p>De acordo com informa\u00e7\u00f5es preliminares, o acidente envolveu uma colis\u00e3o contra um anteparo, seguida do capotamento de uma caminhonete MMC\/L200 Triton GL, de cor prata, com placas de Itatiba do Sul \u2013 RS.<\/p>\n\n\n\n<figure class=\"wp-block-image size-full\"><img loading=\"lazy\" decoding=\"async\" width=\"897\" height=\"204\" src=\"https:\/\/radiostudiow.com.br\/site\/wp-content\/uploads\/2024\/04\/image-37.png\" alt=\"\" class=\"wp-image-21305\" srcset=\"https:\/\/radiostudiow.com.br\/site\/wp-content\/uploads\/2024\/04\/image-37.png 897w, https:\/\/radiostudiow.com.br\/site\/wp-content\/uploads\/2024\/04\/image-37-300x68.png 300w, https:\/\/radiostudiow.com.br\/site\/wp-content\/uploads\/2024\/04\/image-37-768x175.png 768w\" sizes=\"auto, (max-width: 897px) 100vw, 897px\" \/><\/figure>\n\n\n\n<p>Uma v\u00edtima foi socorrida e encaminhada pelo Servi\u00e7o de Atendimento M\u00f3vel de Urg\u00eancia (SAMU) ao Pronto Atendimento de General Carneiro para receber cuidados m\u00e9dicos.<\/p>\n\n\n\n<p>A ocorr\u00eancia foi atendida pelas equipes do Corpo de Bombeiros da Defesa Civil e pelo SAMU de General Carneiro, que atuaram rapidamente para prestar o suporte necess\u00e1rio no local.<\/p>\n\n\n\n<figure class=\"wp-block-gallery has-nested-images columns-default is-cropped wp-block-gallery-1 is-layout-flex wp-block-gallery-is-layout-flex\">\n<figure class=\"wp-block-image size-large\"><img loading=\"lazy\" decoding=\"async\" width=\"720\" height=\"405\" data-id=\"32561\" src=\"https:\/\/radiostudiow.com.br\/site\/wp-content\/uploads\/2025\/01\/WhatsApp-Image-2025-01-04-at-23.14.58-720x405-1.jpeg\" alt=\"\" class=\"wp-image-32561\" srcset=\"https:\/\/radiostudiow.com.br\/site\/wp-content\/uploads\/2025\/01\/WhatsApp-Image-2025-01-04-at-23.14.58-720x405-1.jpeg 720w, https:\/\/radiostudiow.com.br\/site\/wp-content\/uploads\/2025\/01\/WhatsApp-Image-2025-01-04-at-23.14.58-720x405-1-300x169.jpeg 300w\" sizes=\"auto, (max-width: 720px) 100vw, 720px\" \/><\/figure>\n\n\n\n<figure class=\"wp-block-image size-large\"><img loading=\"lazy\" decoding=\"async\" width=\"720\" height=\"405\" data-id=\"32560\" src=\"https:\/\/radiostudiow.com.br\/site\/wp-content\/uploads\/2025\/01\/WhatsApp-Image-2025-01-04-at-23.15.00-720x405-1.jpeg\" alt=\"\" class=\"wp-image-32560\" srcset=\"https:\/\/radiostudiow.com.br\/site\/wp-content\/uploads\/2025\/01\/WhatsApp-Image-2025-01-04-at-23.15.00-720x405-1.jpeg 720w, https:\/\/radiostudiow.com.br\/site\/wp-content\/uploads\/2025\/01\/WhatsApp-Image-2025-01-04-at-23.15.00-720x405-1-300x169.jpeg 300w\" sizes=\"auto, (max-width: 720px) 100vw, 720px\" \/><\/figure>\n<\/figure>\n","protected":false},"excerpt":{"rendered":"<p>Um acidente de tr\u00e2nsito foi registrado na BR-153, KM 03, pr\u00f3ximo ao Bul\u00e3o, em General Carneiro por volta das 21:30 horas deste s\u00e1bado (04). De acordo com informa\u00e7\u00f5es preliminares, o acidente envolveu uma colis\u00e3o contra um anteparo, seguida do capotamento de uma caminhonete MMC\/L200 Triton GL, de cor prata, com placas de Itatiba do Sul [&hellip;]<\/p>\n","protected":false},"author":2,"featured_media":32559,"comment_status":"open","ping_status":"open","sticky":false,"template":"","format":"standard","meta":{"footnotes":""},"categories":[185],"tags":[172],"class_list":["post-32539","post","type-post","status-publish","format-standard","has-post-thumbnail","hentry","category-regional","tag-featured"],"amp_enabled":true,"_links":{"self":[{"href":"https:\/\/radiostudiow.com.br\/site\/wp-json\/wp\/v2\/posts\/32539","targetHints":{"allow":["GET"]}}],"collection":[{"href":"https:\/\/radiostudiow.com.br\/site\/wp-json\/wp\/v2\/posts"}],"about":[{"href":"https:\/\/radiostudiow.com.br\/site\/wp-json\/wp\/v2\/types\/post"}],"author":[{"embeddable":true,"href":"https:\/\/radiostudiow.com.br\/site\/wp-json\/wp\/v2\/users\/2"}],"replies":[{"embeddable":true,"href":"https:\/\/radiostudiow.com.br\/site\/wp-json\/wp\/v2\/comments?post=32539"}],"version-history":[{"count":2,"href":"https:\/\/radiostudiow.com.br\/site\/wp-json\/wp\/v2\/posts\/32539\/revisions"}],"predecessor-version":[{"id":32562,"href":"https:\/\/radiostudiow.com.br\/site\/wp-json\/wp\/v2\/posts\/32539\/revisions\/32562"}],"wp:featuredmedia":[{"embeddable":true,"href":"https:\/\/radiostudiow.com.br\/site\/wp-json\/wp\/v2\/media\/32559"}],"wp:attachment":[{"href":"https:\/\/radiostudiow.com.br\/site\/wp-json\/wp\/v2\/media?parent=32539"}],"wp:term":[{"taxonomy":"category","embeddable":true,"href":"https:\/\/radiostudiow.com.br\/site\/wp-json\/wp\/v2\/categories?post=32539"},{"taxonomy":"post_tag","embeddable":true,"href":"https:\/\/radiostudiow.com.br\/site\/wp-json\/wp\/v2\/tags?post=32539"}],"curies":[{"name":"wp","href":"https:\/\/api.w.org\/{rel}","templated":true}]}}