{"id":32542,"date":"2025-01-07T11:34:17","date_gmt":"2025-01-07T14:34:17","guid":{"rendered":"https:\/\/radiostudiow.com.br\/site\/?p=32542"},"modified":"2025-01-31T14:58:00","modified_gmt":"2025-01-31T17:58:00","slug":"caminhao-carregado-com-serragem-tomba-e-pega-fogo-em-ponta-grossa","status":"publish","type":"post","link":"https:\/\/radiostudiow.com.br\/site\/2025\/01\/07\/caminhao-carregado-com-serragem-tomba-e-pega-fogo-em-ponta-grossa\/","title":{"rendered":"Caminh\u00e3o carregado com serragem tomba e pega fogo em Ponta Grossa"},"content":{"rendered":"\n<p>O caminh\u00e3o com placas de Imbituva, estava carregado com 32 toneladas de serragem.Condutor do caminh\u00e3o de 33 anos teve ferimentos leves foi encaminhado para UPA Santa Paula.<\/p>\n\n\n\n<figure class=\"wp-block-image size-full\"><img loading=\"lazy\" decoding=\"async\" width=\"598\" height=\"204\" src=\"https:\/\/radiostudiow.com.br\/site\/wp-content\/uploads\/2024\/10\/labirati.png\" alt=\"\" class=\"wp-image-28854\" srcset=\"https:\/\/radiostudiow.com.br\/site\/wp-content\/uploads\/2024\/10\/labirati.png 598w, https:\/\/radiostudiow.com.br\/site\/wp-content\/uploads\/2024\/10\/labirati-300x102.png 300w\" sizes=\"auto, (max-width: 598px) 100vw, 598px\" \/><\/figure>\n\n\n\n<p>Um grave acidente envolvendo caminh\u00e3o carregado com 32 toneladas de serragem vindo a perder o controle do ve\u00edculo e tombou e pegou fogo nesta tarde 06\/01, por volta das 12h13 nas proximidades da Cervejaria Ambev na BR-376 km 463 em Ponta Grossa&nbsp;<\/p>\n\n\n\n<p>Condutor foi socorrido pelo Corpo de bombeiros de Ponta Grossa. Houve inc\u00eandio da carga. A pista ficou ficou totalmente interditada sentindo a Curitiba e uma faixa norte devido ao tombamento.<\/p>\n\n\n\n<figure class=\"wp-block-image size-large\"><img loading=\"lazy\" decoding=\"async\" width=\"768\" height=\"1024\" src=\"https:\/\/radiostudiow.com.br\/site\/wp-content\/uploads\/2025\/01\/image-24-768x1024.png\" alt=\"\" class=\"wp-image-32544\" srcset=\"https:\/\/radiostudiow.com.br\/site\/wp-content\/uploads\/2025\/01\/image-24-768x1024.png 768w, https:\/\/radiostudiow.com.br\/site\/wp-content\/uploads\/2025\/01\/image-24-225x300.png 225w, https:\/\/radiostudiow.com.br\/site\/wp-content\/uploads\/2025\/01\/image-24.png 1000w\" sizes=\"auto, (max-width: 768px) 100vw, 768px\" \/><\/figure>\n\n\n\n<p><em>Informa\u00e7\u00f5es e Imagens PRF<\/em><\/p>\n","protected":false},"excerpt":{"rendered":"<p>O caminh\u00e3o com placas de Imbituva, estava carregado com 32 toneladas de serragem.Condutor do caminh\u00e3o de 33 anos teve ferimentos leves foi encaminhado para UPA Santa Paula. Um grave acidente envolvendo caminh\u00e3o carregado com 32 toneladas de serragem vindo a perder o controle do ve\u00edculo e tombou e pegou fogo nesta tarde 06\/01, por volta [&hellip;]<\/p>\n","protected":false},"author":2,"featured_media":32543,"comment_status":"open","ping_status":"open","sticky":false,"template":"","format":"standard","meta":{"footnotes":""},"categories":[185],"tags":[172],"class_list":["post-32542","post","type-post","status-publish","format-standard","has-post-thumbnail","hentry","category-regional","tag-featured"],"amp_enabled":true,"_links":{"self":[{"href":"https:\/\/radiostudiow.com.br\/site\/wp-json\/wp\/v2\/posts\/32542","targetHints":{"allow":["GET"]}}],"collection":[{"href":"https:\/\/radiostudiow.com.br\/site\/wp-json\/wp\/v2\/posts"}],"about":[{"href":"https:\/\/radiostudiow.com.br\/site\/wp-json\/wp\/v2\/types\/post"}],"author":[{"embeddable":true,"href":"https:\/\/radiostudiow.com.br\/site\/wp-json\/wp\/v2\/users\/2"}],"replies":[{"embeddable":true,"href":"https:\/\/radiostudiow.com.br\/site\/wp-json\/wp\/v2\/comments?post=32542"}],"version-history":[{"count":1,"href":"https:\/\/radiostudiow.com.br\/site\/wp-json\/wp\/v2\/posts\/32542\/revisions"}],"predecessor-version":[{"id":32545,"href":"https:\/\/radiostudiow.com.br\/site\/wp-json\/wp\/v2\/posts\/32542\/revisions\/32545"}],"wp:featuredmedia":[{"embeddable":true,"href":"https:\/\/radiostudiow.com.br\/site\/wp-json\/wp\/v2\/media\/32543"}],"wp:attachment":[{"href":"https:\/\/radiostudiow.com.br\/site\/wp-json\/wp\/v2\/media?parent=32542"}],"wp:term":[{"taxonomy":"category","embeddable":true,"href":"https:\/\/radiostudiow.com.br\/site\/wp-json\/wp\/v2\/categories?post=32542"},{"taxonomy":"post_tag","embeddable":true,"href":"https:\/\/radiostudiow.com.br\/site\/wp-json\/wp\/v2\/tags?post=32542"}],"curies":[{"name":"wp","href":"https:\/\/api.w.org\/{rel}","templated":true}]}}