{"id":32569,"date":"2025-01-07T12:01:18","date_gmt":"2025-01-07T15:01:18","guid":{"rendered":"https:\/\/radiostudiow.com.br\/site\/?p=32569"},"modified":"2025-01-31T14:57:59","modified_gmt":"2025-01-31T17:57:59","slug":"video-carro-capota-e-deixa-feridos-em-porto-uniao","status":"publish","type":"post","link":"https:\/\/radiostudiow.com.br\/site\/2025\/01\/07\/video-carro-capota-e-deixa-feridos-em-porto-uniao\/","title":{"rendered":"V\u00eddeo: Carro capota e deixa feridos em Porto Uni\u00e3o"},"content":{"rendered":"\n<p>Um acidente mobilizou as equipes do Corpo de Bombeiros de Porto Uni\u00e3o.O incidente aconteceu na rua Secundo Eleseo Bertolini, no bairro Jardim Oliveira, e envolveu um ve\u00edculo GM\/Classic branco com placas de Matos Costa por volta das 18:40 horas dessa segunda-feira (06).<\/p>\n\n\n\n<figure class=\"wp-block-image size-full\"><img loading=\"lazy\" decoding=\"async\" width=\"897\" height=\"204\" src=\"https:\/\/radiostudiow.com.br\/site\/wp-content\/uploads\/2024\/11\/image-49.png\" alt=\"\" class=\"wp-image-30017\" srcset=\"https:\/\/radiostudiow.com.br\/site\/wp-content\/uploads\/2024\/11\/image-49.png 897w, https:\/\/radiostudiow.com.br\/site\/wp-content\/uploads\/2024\/11\/image-49-300x68.png 300w, https:\/\/radiostudiow.com.br\/site\/wp-content\/uploads\/2024\/11\/image-49-768x175.png 768w\" sizes=\"auto, (max-width: 897px) 100vw, 897px\" \/><\/figure>\n\n\n\n<p>O carro capotou, deixando o motorista com ferimentos. Ele foi socorrido com suspeita de fratura e encaminhado para o hospital. Uma segunda pessoa, que tamb\u00e9m estava no ve\u00edculo, saiu ilesa. A Pol\u00edcia Militar foi acionada para atender a ocorr\u00eancia e dar suporte na situa\u00e7\u00e3o<\/p>\n\n\n\n<figure class=\"wp-block-video\"><video height=\"1280\" style=\"aspect-ratio: 720 \/ 1280;\" width=\"720\" controls src=\"https:\/\/radiostudiow.com.br\/site\/wp-content\/uploads\/2025\/01\/WhatsApp-Video-2025-01-06-at-19.19.51.mp4\"><\/video><\/figure>\n","protected":false},"excerpt":{"rendered":"<p>Um acidente mobilizou as equipes do Corpo de Bombeiros de Porto Uni\u00e3o.O incidente aconteceu na rua Secundo Eleseo Bertolini, no bairro Jardim Oliveira, e envolveu um ve\u00edculo GM\/Classic branco com placas de Matos Costa por volta das 18:40 horas dessa segunda-feira (06). O carro capotou, deixando o motorista com ferimentos. Ele foi socorrido com suspeita [&hellip;]<\/p>\n","protected":false},"author":2,"featured_media":32571,"comment_status":"open","ping_status":"open","sticky":false,"template":"","format":"standard","meta":{"footnotes":""},"categories":[185],"tags":[172],"class_list":["post-32569","post","type-post","status-publish","format-standard","has-post-thumbnail","hentry","category-regional","tag-featured"],"amp_enabled":true,"_links":{"self":[{"href":"https:\/\/radiostudiow.com.br\/site\/wp-json\/wp\/v2\/posts\/32569","targetHints":{"allow":["GET"]}}],"collection":[{"href":"https:\/\/radiostudiow.com.br\/site\/wp-json\/wp\/v2\/posts"}],"about":[{"href":"https:\/\/radiostudiow.com.br\/site\/wp-json\/wp\/v2\/types\/post"}],"author":[{"embeddable":true,"href":"https:\/\/radiostudiow.com.br\/site\/wp-json\/wp\/v2\/users\/2"}],"replies":[{"embeddable":true,"href":"https:\/\/radiostudiow.com.br\/site\/wp-json\/wp\/v2\/comments?post=32569"}],"version-history":[{"count":1,"href":"https:\/\/radiostudiow.com.br\/site\/wp-json\/wp\/v2\/posts\/32569\/revisions"}],"predecessor-version":[{"id":32572,"href":"https:\/\/radiostudiow.com.br\/site\/wp-json\/wp\/v2\/posts\/32569\/revisions\/32572"}],"wp:featuredmedia":[{"embeddable":true,"href":"https:\/\/radiostudiow.com.br\/site\/wp-json\/wp\/v2\/media\/32571"}],"wp:attachment":[{"href":"https:\/\/radiostudiow.com.br\/site\/wp-json\/wp\/v2\/media?parent=32569"}],"wp:term":[{"taxonomy":"category","embeddable":true,"href":"https:\/\/radiostudiow.com.br\/site\/wp-json\/wp\/v2\/categories?post=32569"},{"taxonomy":"post_tag","embeddable":true,"href":"https:\/\/radiostudiow.com.br\/site\/wp-json\/wp\/v2\/tags?post=32569"}],"curies":[{"name":"wp","href":"https:\/\/api.w.org\/{rel}","templated":true}]}}