{"id":32577,"date":"2025-01-07T12:04:07","date_gmt":"2025-01-07T15:04:07","guid":{"rendered":"https:\/\/radiostudiow.com.br\/site\/?p=32577"},"modified":"2025-01-31T14:57:59","modified_gmt":"2025-01-31T17:57:59","slug":"homem-e-preso-por-posse-irregular-de-arma-de-fogo-em-reboucas","status":"publish","type":"post","link":"https:\/\/radiostudiow.com.br\/site\/2025\/01\/07\/homem-e-preso-por-posse-irregular-de-arma-de-fogo-em-reboucas\/","title":{"rendered":"Homem \u00e9 preso por posse irregular de arma de fogo em Rebou\u00e7as"},"content":{"rendered":"\n<p>A equipe da ROCAM realizava patrulhamento na \u00e1rea urbana do munic\u00edpio, quando foi abordada por um cidad\u00e3o que fez uma den\u00fancia sobre a venda ilegal de uma arma de fogo por volta das 18:50 horas desta segunda-feira (06).<\/p>\n\n\n\n\n\n<p>De acordo com o relato do denunciante, um homem estaria oferecendo uma arma para venda no final de uma rua do munic\u00edpio. A equipe policial seguiu at\u00e9 o local indicado, onde abordou tr\u00eas indiv\u00edduos. Durante a abordagem, nada de il\u00edcito foi encontrado com os suspeitos, mas um deles demonstrou um comportamento visivelmente nervoso.<\/p>\n\n\n\n<p>Questionado pela equipe, o homem negou possuir qualquer arma de fogo. No entanto, as caracter\u00edsticas fornecidas pelo denunciante coincidiam com o indiv\u00edduo em quest\u00e3o, o que levou os policiais a suspeitarem ainda mais. Diante disso, a equipe decidiu deslocar-se at\u00e9 a resid\u00eancia do abordado, onde conversaram com sua m\u00e3e. A mulher, ao ser informada da situa\u00e7\u00e3o, se mostrou disposta a colaborar, afirmando que n\u00e3o aceitava nada il\u00edcito em sua casa e convidou a pol\u00edcia a realizar buscas no im\u00f3vel.<\/p>\n\n\n\n\n\n<p>Durante a busca no quarto do suspeito, os policiais localizaram, sobre a cama, uma quantidade de muni\u00e7\u00f5es de calibre 38 \u2013 9 intactas e 1 deflagrada. Al\u00e9m disso, embaixo do colch\u00e3o foi encontrada uma arma de fogo, um rev\u00f3lver calibre 38, confirmando a den\u00fancia.<\/p>\n\n\n\n<p>Diante dos fatos, o homem foi preso em flagrante por posse irregular de arma de fogo e muni\u00e7\u00f5es. Ele foi conduzido at\u00e9 a 41\u00aa Delegacia Regional de Pol\u00edcia (DRP) de Irati, onde foram tomadas as provid\u00eancias legais cab\u00edveis no \u00e2mbito da pol\u00edcia judici\u00e1ria.&nbsp;<\/p>\n","protected":false},"excerpt":{"rendered":"<p>A equipe da ROCAM realizava patrulhamento na \u00e1rea urbana do munic\u00edpio, quando foi abordada por um cidad\u00e3o que fez uma den\u00fancia sobre a venda ilegal de uma arma de fogo por volta das 18:50 horas desta segunda-feira (06). De acordo com o relato do denunciante, um homem estaria oferecendo uma arma para venda no final [&hellip;]<\/p>\n","protected":false},"author":2,"featured_media":32578,"comment_status":"open","ping_status":"open","sticky":false,"template":"","format":"standard","meta":{"footnotes":""},"categories":[2],"tags":[172],"class_list":["post-32577","post","type-post","status-publish","format-standard","has-post-thumbnail","hentry","category-policial","tag-featured"],"amp_enabled":true,"_links":{"self":[{"href":"https:\/\/radiostudiow.com.br\/site\/wp-json\/wp\/v2\/posts\/32577","targetHints":{"allow":["GET"]}}],"collection":[{"href":"https:\/\/radiostudiow.com.br\/site\/wp-json\/wp\/v2\/posts"}],"about":[{"href":"https:\/\/radiostudiow.com.br\/site\/wp-json\/wp\/v2\/types\/post"}],"author":[{"embeddable":true,"href":"https:\/\/radiostudiow.com.br\/site\/wp-json\/wp\/v2\/users\/2"}],"replies":[{"embeddable":true,"href":"https:\/\/radiostudiow.com.br\/site\/wp-json\/wp\/v2\/comments?post=32577"}],"version-history":[{"count":1,"href":"https:\/\/radiostudiow.com.br\/site\/wp-json\/wp\/v2\/posts\/32577\/revisions"}],"predecessor-version":[{"id":32579,"href":"https:\/\/radiostudiow.com.br\/site\/wp-json\/wp\/v2\/posts\/32577\/revisions\/32579"}],"wp:featuredmedia":[{"embeddable":true,"href":"https:\/\/radiostudiow.com.br\/site\/wp-json\/wp\/v2\/media\/32578"}],"wp:attachment":[{"href":"https:\/\/radiostudiow.com.br\/site\/wp-json\/wp\/v2\/media?parent=32577"}],"wp:term":[{"taxonomy":"category","embeddable":true,"href":"https:\/\/radiostudiow.com.br\/site\/wp-json\/wp\/v2\/categories?post=32577"},{"taxonomy":"post_tag","embeddable":true,"href":"https:\/\/radiostudiow.com.br\/site\/wp-json\/wp\/v2\/tags?post=32577"}],"curies":[{"name":"wp","href":"https:\/\/api.w.org\/{rel}","templated":true}]}}