{"id":32596,"date":"2025-01-08T10:15:55","date_gmt":"2025-01-08T13:15:55","guid":{"rendered":"https:\/\/radiostudiow.com.br\/site\/?p=32596"},"modified":"2025-01-31T14:57:59","modified_gmt":"2025-01-31T17:57:59","slug":"colisao-e-capotamento-deixam-condutor-ferido-no-trevo-da-br-153-em-general-carneiro","status":"publish","type":"post","link":"https:\/\/radiostudiow.com.br\/site\/2025\/01\/08\/colisao-e-capotamento-deixam-condutor-ferido-no-trevo-da-br-153-em-general-carneiro\/","title":{"rendered":"Colis\u00e3o e capotamento deixam condutor ferido no trevo da BR-153 em General Carneiro"},"content":{"rendered":"\n<p>Um acidente de tr\u00e2nsito ocorreu no trevo da BR-153, acesso \u00e0 PR-170, km 480, envolvendo uma colis\u00e3o contra um anteparo seguida de capotamento por volta de 01:20 horas da madrugada desta quarta-feira (08).<\/p>\n\n\n\n<p>Quando a equipe do Corpo de Bombeiros Comunit\u00e1rio de General Carneiro chegou ao local, o condutor do ve\u00edculo j\u00e1 havia sido encaminhado, pelo SAMU ao Pronto Atendimento de General Carneiro.<\/p>\n\n\n\n<figure class=\"wp-block-image size-full\"><img loading=\"lazy\" decoding=\"async\" width=\"598\" height=\"204\" src=\"https:\/\/radiostudiow.com.br\/site\/wp-content\/uploads\/2024\/10\/labirati.png\" alt=\"\" class=\"wp-image-28854\" srcset=\"https:\/\/radiostudiow.com.br\/site\/wp-content\/uploads\/2024\/10\/labirati.png 598w, https:\/\/radiostudiow.com.br\/site\/wp-content\/uploads\/2024\/10\/labirati-300x102.png 300w\" sizes=\"auto, (max-width: 598px) 100vw, 598px\" \/><\/figure>\n\n\n\n<p>O condutor tem 24 anos, e segundo informa\u00e7\u00f5es \u00e9 morador de General Carneiro. O carro uma VW\/Parati tem placas de Uni\u00e3o da Vit\u00f3ria.&nbsp;<\/p>\n\n\n\n<p>No local, foi realizada a sinaliza\u00e7\u00e3o do acidente, com o apoio do SAMU, para garantir a seguran\u00e7a dos demais motoristas que trafegavam pela rodovia.<\/p>\n\n\n\n<figure class=\"wp-block-image size-full\"><img decoding=\"async\" src=\"https:\/\/radiostudiow.com.br\/site\/wp-content\/uploads\/2025\/01\/WhatsApp-Image-2025-01-08-at-02.16.32-720x405-1.jpeg\" alt=\"\" class=\"wp-image-32598\"\/><\/figure>\n\n\n\n<figure class=\"wp-block-gallery has-nested-images columns-default is-cropped wp-block-gallery-1 is-layout-flex wp-block-gallery-is-layout-flex\">\n<figure class=\"wp-block-image size-large\"><img loading=\"lazy\" decoding=\"async\" width=\"338\" height=\"600\" data-id=\"32599\" src=\"https:\/\/radiostudiow.com.br\/site\/wp-content\/uploads\/2025\/01\/WhatsApp-Image-2025-01-08-at-02.16.31-338x600-1.jpeg\" alt=\"\" class=\"wp-image-32599\" srcset=\"https:\/\/radiostudiow.com.br\/site\/wp-content\/uploads\/2025\/01\/WhatsApp-Image-2025-01-08-at-02.16.31-338x600-1.jpeg 338w, https:\/\/radiostudiow.com.br\/site\/wp-content\/uploads\/2025\/01\/WhatsApp-Image-2025-01-08-at-02.16.31-338x600-1-169x300.jpeg 169w\" sizes=\"auto, (max-width: 338px) 100vw, 338px\" \/><\/figure>\n<\/figure>\n","protected":false},"excerpt":{"rendered":"<p>Um acidente de tr\u00e2nsito ocorreu no trevo da BR-153, acesso \u00e0 PR-170, km 480, envolvendo uma colis\u00e3o contra um anteparo seguida de capotamento por volta de 01:20 horas da madrugada desta quarta-feira (08). Quando a equipe do Corpo de Bombeiros Comunit\u00e1rio de General Carneiro chegou ao local, o condutor do ve\u00edculo j\u00e1 havia sido encaminhado, [&hellip;]<\/p>\n","protected":false},"author":2,"featured_media":32600,"comment_status":"open","ping_status":"open","sticky":false,"template":"","format":"standard","meta":{"footnotes":""},"categories":[185],"tags":[172],"class_list":["post-32596","post","type-post","status-publish","format-standard","has-post-thumbnail","hentry","category-regional","tag-featured"],"amp_enabled":true,"_links":{"self":[{"href":"https:\/\/radiostudiow.com.br\/site\/wp-json\/wp\/v2\/posts\/32596","targetHints":{"allow":["GET"]}}],"collection":[{"href":"https:\/\/radiostudiow.com.br\/site\/wp-json\/wp\/v2\/posts"}],"about":[{"href":"https:\/\/radiostudiow.com.br\/site\/wp-json\/wp\/v2\/types\/post"}],"author":[{"embeddable":true,"href":"https:\/\/radiostudiow.com.br\/site\/wp-json\/wp\/v2\/users\/2"}],"replies":[{"embeddable":true,"href":"https:\/\/radiostudiow.com.br\/site\/wp-json\/wp\/v2\/comments?post=32596"}],"version-history":[{"count":1,"href":"https:\/\/radiostudiow.com.br\/site\/wp-json\/wp\/v2\/posts\/32596\/revisions"}],"predecessor-version":[{"id":32601,"href":"https:\/\/radiostudiow.com.br\/site\/wp-json\/wp\/v2\/posts\/32596\/revisions\/32601"}],"wp:featuredmedia":[{"embeddable":true,"href":"https:\/\/radiostudiow.com.br\/site\/wp-json\/wp\/v2\/media\/32600"}],"wp:attachment":[{"href":"https:\/\/radiostudiow.com.br\/site\/wp-json\/wp\/v2\/media?parent=32596"}],"wp:term":[{"taxonomy":"category","embeddable":true,"href":"https:\/\/radiostudiow.com.br\/site\/wp-json\/wp\/v2\/categories?post=32596"},{"taxonomy":"post_tag","embeddable":true,"href":"https:\/\/radiostudiow.com.br\/site\/wp-json\/wp\/v2\/tags?post=32596"}],"curies":[{"name":"wp","href":"https:\/\/api.w.org\/{rel}","templated":true}]}}