{"id":32609,"date":"2025-01-08T10:40:56","date_gmt":"2025-01-08T13:40:56","guid":{"rendered":"https:\/\/radiostudiow.com.br\/site\/?p=32609"},"modified":"2025-01-31T14:57:59","modified_gmt":"2025-01-31T17:57:59","slug":"correios-lanca-edital-de-inovacao-aberta-para-solucoes-operacionais","status":"publish","type":"post","link":"https:\/\/radiostudiow.com.br\/site\/2025\/01\/08\/correios-lanca-edital-de-inovacao-aberta-para-solucoes-operacionais\/","title":{"rendered":"Correios lan\u00e7a edital de inova\u00e7\u00e3o aberta para solu\u00e7\u00f5es operacionais"},"content":{"rendered":"\n<p>Um edital lan\u00e7ado neste m\u00eas pelos Correios pretende selecionar ideias inovadoras que melhorem servi\u00e7os e resolvam desafios nas \u00e1reas de log\u00edstica, planejamento, inova\u00e7\u00e3o, atendimento, tratamento, transporte e distribui\u00e7\u00e3o. As inscri\u00e7\u00f5es para o edital, chamado de&nbsp;<a href=\"https:\/\/www.correios.com.br\/acesso-a-informacao\/licitacoes-e-contratos\/inova-correios\/inova-correios\" rel=\"noreferrer noopener\" target=\"_blank\"><strong>1\u00ba Ciclo de Inova\u00e7\u00e3o Aberta \u2013 Solu\u00e7\u00f5es Operacionais<\/strong><\/a>, ficar\u00e3o abertas at\u00e9 o dia 2 de fevereiro.<\/p>\n\n\n\n<figure class=\"wp-block-image size-full\"><img loading=\"lazy\" decoding=\"async\" width=\"897\" height=\"204\" src=\"https:\/\/radiostudiow.com.br\/site\/wp-content\/uploads\/2024\/12\/SEPAC.png\" alt=\"\" class=\"wp-image-32250\" srcset=\"https:\/\/radiostudiow.com.br\/site\/wp-content\/uploads\/2024\/12\/SEPAC.png 897w, https:\/\/radiostudiow.com.br\/site\/wp-content\/uploads\/2024\/12\/SEPAC-300x68.png 300w, https:\/\/radiostudiow.com.br\/site\/wp-content\/uploads\/2024\/12\/SEPAC-768x175.png 768w\" sizes=\"auto, (max-width: 897px) 100vw, 897px\" \/><\/figure>\n\n\n\n<p>Segundo os Correios, poder\u00e3o participar empresas,&nbsp;<em>startups<\/em>, universidades, pesquisadores, alunos e profissionais de tecnologia da informa\u00e7\u00e3o.<\/p>\n\n\n\n<p>O ciclo ser\u00e1 dividido em tr\u00eas fases \u2013 desafios p\u00fablicos, prototipagem e teste de solu\u00e7\u00e3o inovadora. Durante os 30 dias do prazo para envio de propostas, ser\u00e3o promovidos eventos&nbsp;<em>online<\/em>&nbsp;e disponibilizados materiais de consulta para orientar os participantes.<\/p>\n\n\n\n<p><strong><em>\u201cEste ciclo \u00e9 um marco para a empresa. Estamos trazendo inova\u00e7\u00e3o para o cora\u00e7\u00e3o de nossas opera\u00e7\u00f5es e conectando nossas demandas reais \u00e0s solu\u00e7\u00f5es tecnol\u00f3gicas do mercado. Isso refor\u00e7a nosso compromisso em criar um ecossistema log\u00edstico mais eficiente e preparado para o futuro\u201d, disse o presidente dos Correios, Fabiano Silva dos Santos.<\/em><\/strong><\/p>\n","protected":false},"excerpt":{"rendered":"<p>Um edital lan\u00e7ado neste m\u00eas pelos Correios pretende selecionar ideias inovadoras que melhorem servi\u00e7os e resolvam desafios nas \u00e1reas de log\u00edstica, planejamento, inova\u00e7\u00e3o, atendimento, tratamento, transporte e distribui\u00e7\u00e3o. As inscri\u00e7\u00f5es para o edital, chamado de&nbsp;1\u00ba Ciclo de Inova\u00e7\u00e3o Aberta \u2013 Solu\u00e7\u00f5es Operacionais, ficar\u00e3o abertas at\u00e9 o dia 2 de fevereiro. Segundo os Correios, poder\u00e3o participar [&hellip;]<\/p>\n","protected":false},"author":2,"featured_media":32610,"comment_status":"open","ping_status":"open","sticky":false,"template":"","format":"standard","meta":{"footnotes":""},"categories":[7],"tags":[172],"class_list":["post-32609","post","type-post","status-publish","format-standard","has-post-thumbnail","hentry","category-geral","tag-featured"],"amp_enabled":true,"_links":{"self":[{"href":"https:\/\/radiostudiow.com.br\/site\/wp-json\/wp\/v2\/posts\/32609","targetHints":{"allow":["GET"]}}],"collection":[{"href":"https:\/\/radiostudiow.com.br\/site\/wp-json\/wp\/v2\/posts"}],"about":[{"href":"https:\/\/radiostudiow.com.br\/site\/wp-json\/wp\/v2\/types\/post"}],"author":[{"embeddable":true,"href":"https:\/\/radiostudiow.com.br\/site\/wp-json\/wp\/v2\/users\/2"}],"replies":[{"embeddable":true,"href":"https:\/\/radiostudiow.com.br\/site\/wp-json\/wp\/v2\/comments?post=32609"}],"version-history":[{"count":2,"href":"https:\/\/radiostudiow.com.br\/site\/wp-json\/wp\/v2\/posts\/32609\/revisions"}],"predecessor-version":[{"id":32612,"href":"https:\/\/radiostudiow.com.br\/site\/wp-json\/wp\/v2\/posts\/32609\/revisions\/32612"}],"wp:featuredmedia":[{"embeddable":true,"href":"https:\/\/radiostudiow.com.br\/site\/wp-json\/wp\/v2\/media\/32610"}],"wp:attachment":[{"href":"https:\/\/radiostudiow.com.br\/site\/wp-json\/wp\/v2\/media?parent=32609"}],"wp:term":[{"taxonomy":"category","embeddable":true,"href":"https:\/\/radiostudiow.com.br\/site\/wp-json\/wp\/v2\/categories?post=32609"},{"taxonomy":"post_tag","embeddable":true,"href":"https:\/\/radiostudiow.com.br\/site\/wp-json\/wp\/v2\/tags?post=32609"}],"curies":[{"name":"wp","href":"https:\/\/api.w.org\/{rel}","templated":true}]}}