{"id":32615,"date":"2025-01-08T10:45:53","date_gmt":"2025-01-08T13:45:53","guid":{"rendered":"https:\/\/radiostudiow.com.br\/site\/?p=32615"},"modified":"2025-01-31T14:57:59","modified_gmt":"2025-01-31T17:57:59","slug":"colisao-entre-caminhao-e-caminhonete-deixa-dois-feridos-graves-nesta-terca-7-na-br-277-em-guarapuava","status":"publish","type":"post","link":"https:\/\/radiostudiow.com.br\/site\/2025\/01\/08\/colisao-entre-caminhao-e-caminhonete-deixa-dois-feridos-graves-nesta-terca-7-na-br-277-em-guarapuava\/","title":{"rendered":"Colis\u00e3o entre caminh\u00e3o e caminhonete deixa dois feridos graves na BR 277 em Guarapuava"},"content":{"rendered":"\n<p><strong>U<\/strong>ma colis\u00e3o entre um caminh\u00e3o e uma caminhonete deixou dois feridos graves na tarde desta ter\u00e7a-feira (7 de janeiro) na BR 277, em Guarapuava.<\/p>\n\n\n\n<p>O acidente foi registrado pela Pol\u00edcia Rodovi\u00e1ria Federal (PRF) por volta das 14 horas, no Km 365 da rodovia, nas proximidades da ind\u00fastria Santa Maria. A colis\u00e3o frontal envolveu um caminh\u00e3o M.Benz, de cor vermelha, e emplacamento em Marechal C\u00e2ndido Rondon,\u00a0e uma Toyota Hilux, de cor branca, e emplacamento em Guarapuava.<\/p>\n\n\n\n<figure class=\"wp-block-image size-full\"><img decoding=\"async\" src=\"https:\/\/radiostudiow.com.br\/site\/wp-content\/uploads\/2024\/04\/image-47.png\" alt=\"\" class=\"wp-image-21404\"\/><\/figure>\n\n\n\n<p>O condutor do caminh\u00e3o, de 34 anos, teve ferimentos graves e foi encaminhado para o UPA Batel. O condutor da Hilux, de 33 anos, tamb\u00e9m teve ferimentos graves e foi encaminhado para o hospital S\u00e3o Vicente.<\/p>\n\n\n\n<p>Houve interdi\u00e7\u00e3o total da rodovia para remo\u00e7\u00e3o dos ve\u00edculos envolvidos no acidente por aproximadamente 30 minutos. As circunst\u00e2ncias do acidente n\u00e3o foram divulgadas.<\/p>\n","protected":false},"excerpt":{"rendered":"<p>Uma colis\u00e3o entre um caminh\u00e3o e uma caminhonete deixou dois feridos graves na tarde desta ter\u00e7a-feira (7 de janeiro) na BR 277, em Guarapuava. O acidente foi registrado pela Pol\u00edcia Rodovi\u00e1ria Federal (PRF) por volta das 14 horas, no Km 365 da rodovia, nas proximidades da ind\u00fastria Santa Maria. A colis\u00e3o frontal envolveu um caminh\u00e3o [&hellip;]<\/p>\n","protected":false},"author":2,"featured_media":32616,"comment_status":"open","ping_status":"open","sticky":false,"template":"","format":"standard","meta":{"footnotes":""},"categories":[185],"tags":[172],"class_list":["post-32615","post","type-post","status-publish","format-standard","has-post-thumbnail","hentry","category-regional","tag-featured"],"amp_enabled":true,"_links":{"self":[{"href":"https:\/\/radiostudiow.com.br\/site\/wp-json\/wp\/v2\/posts\/32615","targetHints":{"allow":["GET"]}}],"collection":[{"href":"https:\/\/radiostudiow.com.br\/site\/wp-json\/wp\/v2\/posts"}],"about":[{"href":"https:\/\/radiostudiow.com.br\/site\/wp-json\/wp\/v2\/types\/post"}],"author":[{"embeddable":true,"href":"https:\/\/radiostudiow.com.br\/site\/wp-json\/wp\/v2\/users\/2"}],"replies":[{"embeddable":true,"href":"https:\/\/radiostudiow.com.br\/site\/wp-json\/wp\/v2\/comments?post=32615"}],"version-history":[{"count":2,"href":"https:\/\/radiostudiow.com.br\/site\/wp-json\/wp\/v2\/posts\/32615\/revisions"}],"predecessor-version":[{"id":32618,"href":"https:\/\/radiostudiow.com.br\/site\/wp-json\/wp\/v2\/posts\/32615\/revisions\/32618"}],"wp:featuredmedia":[{"embeddable":true,"href":"https:\/\/radiostudiow.com.br\/site\/wp-json\/wp\/v2\/media\/32616"}],"wp:attachment":[{"href":"https:\/\/radiostudiow.com.br\/site\/wp-json\/wp\/v2\/media?parent=32615"}],"wp:term":[{"taxonomy":"category","embeddable":true,"href":"https:\/\/radiostudiow.com.br\/site\/wp-json\/wp\/v2\/categories?post=32615"},{"taxonomy":"post_tag","embeddable":true,"href":"https:\/\/radiostudiow.com.br\/site\/wp-json\/wp\/v2\/tags?post=32615"}],"curies":[{"name":"wp","href":"https:\/\/api.w.org\/{rel}","templated":true}]}}