{"id":32640,"date":"2025-01-08T17:26:45","date_gmt":"2025-01-08T20:26:45","guid":{"rendered":"https:\/\/radiostudiow.com.br\/site\/?p=32640"},"modified":"2025-01-31T14:57:59","modified_gmt":"2025-01-31T17:57:59","slug":"incendio-em-veiculo-e-registrado-na-zona-rural-de-sao-mateus-do-sul","status":"publish","type":"post","link":"https:\/\/radiostudiow.com.br\/site\/2025\/01\/08\/incendio-em-veiculo-e-registrado-na-zona-rural-de-sao-mateus-do-sul\/","title":{"rendered":"Inc\u00eandio em ve\u00edculo \u00e9 registrado na zona rural de S\u00e3o Mateus do Sul"},"content":{"rendered":"\n<p>Na tarde desta quarta-feira, 8 de janeiro, por volta das 15 horas, um inc\u00eandio em um ve\u00edculo foi registrado na Estrada Rural da Col\u00f4nia Cachoeira, em S\u00e3o Mateus do Sul. A guarni\u00e7\u00e3o do Corpo de Bombeiros foi acionada pessoalmente no quartel para atender a ocorr\u00eancia.<\/p>\n\n\n\n<figure class=\"wp-block-image size-full\"><img loading=\"lazy\" decoding=\"async\" width=\"598\" height=\"204\" src=\"https:\/\/radiostudiow.com.br\/site\/wp-content\/uploads\/2024\/12\/image-95.png\" alt=\"\" class=\"wp-image-31919\" srcset=\"https:\/\/radiostudiow.com.br\/site\/wp-content\/uploads\/2024\/12\/image-95.png 598w, https:\/\/radiostudiow.com.br\/site\/wp-content\/uploads\/2024\/12\/image-95-300x102.png 300w\" sizes=\"auto, (max-width: 598px) 100vw, 598px\" \/><\/figure>\n\n\n\n<p>De <a><\/a>acordo com as informa\u00e7\u00f5es, o inc\u00eandio atingiu a parte frontal do ve\u00edculo VW Parati destruindo o motor e o painel. N\u00e3o houve v\u00edtimas nem danos ao meio ambiente.<\/p>\n\n\n\n<p>A equipe do Corpo de Bombeiros deslocou o ABTR 14957 com dois bombeiros militares (BBMM) diretamente envolvidos no combate \u00e0s chamas. O fogo foi controlado e as causas n\u00e3o foram apurada.<\/p>\n\n\n\n<p><em>Mat\u00e9ria Portal Clic Sul News\/foto grupo For\u00e7a de Seguran\u00e7a Samas<\/em><\/p>\n","protected":false},"excerpt":{"rendered":"<p>Na tarde desta quarta-feira, 8 de janeiro, por volta das 15 horas, um inc\u00eandio em um ve\u00edculo foi registrado na Estrada Rural da Col\u00f4nia Cachoeira, em S\u00e3o Mateus do Sul. A guarni\u00e7\u00e3o do Corpo de Bombeiros foi acionada pessoalmente no quartel para atender a ocorr\u00eancia. De acordo com as informa\u00e7\u00f5es, o inc\u00eandio atingiu a parte [&hellip;]<\/p>\n","protected":false},"author":2,"featured_media":32641,"comment_status":"open","ping_status":"open","sticky":false,"template":"","format":"standard","meta":{"footnotes":""},"categories":[185],"tags":[172],"class_list":["post-32640","post","type-post","status-publish","format-standard","has-post-thumbnail","hentry","category-regional","tag-featured"],"amp_enabled":true,"_links":{"self":[{"href":"https:\/\/radiostudiow.com.br\/site\/wp-json\/wp\/v2\/posts\/32640","targetHints":{"allow":["GET"]}}],"collection":[{"href":"https:\/\/radiostudiow.com.br\/site\/wp-json\/wp\/v2\/posts"}],"about":[{"href":"https:\/\/radiostudiow.com.br\/site\/wp-json\/wp\/v2\/types\/post"}],"author":[{"embeddable":true,"href":"https:\/\/radiostudiow.com.br\/site\/wp-json\/wp\/v2\/users\/2"}],"replies":[{"embeddable":true,"href":"https:\/\/radiostudiow.com.br\/site\/wp-json\/wp\/v2\/comments?post=32640"}],"version-history":[{"count":1,"href":"https:\/\/radiostudiow.com.br\/site\/wp-json\/wp\/v2\/posts\/32640\/revisions"}],"predecessor-version":[{"id":32642,"href":"https:\/\/radiostudiow.com.br\/site\/wp-json\/wp\/v2\/posts\/32640\/revisions\/32642"}],"wp:featuredmedia":[{"embeddable":true,"href":"https:\/\/radiostudiow.com.br\/site\/wp-json\/wp\/v2\/media\/32641"}],"wp:attachment":[{"href":"https:\/\/radiostudiow.com.br\/site\/wp-json\/wp\/v2\/media?parent=32640"}],"wp:term":[{"taxonomy":"category","embeddable":true,"href":"https:\/\/radiostudiow.com.br\/site\/wp-json\/wp\/v2\/categories?post=32640"},{"taxonomy":"post_tag","embeddable":true,"href":"https:\/\/radiostudiow.com.br\/site\/wp-json\/wp\/v2\/tags?post=32640"}],"curies":[{"name":"wp","href":"https:\/\/api.w.org\/{rel}","templated":true}]}}