{"id":32647,"date":"2025-01-09T09:23:22","date_gmt":"2025-01-09T12:23:22","guid":{"rendered":"https:\/\/radiostudiow.com.br\/site\/?p=32647"},"modified":"2026-09-01T09:44:49","modified_gmt":"2026-09-01T12:44:49","slug":"foram-identificadas-as-vitimas-do-grave-acidente-envolvendo-duas-carretas-ocorrido-na-rodovia-do-xisto-br-476-em-paulo-frontin","status":"publish","type":"post","link":"https:\/\/radiostudiow.com.br\/site\/2025\/01\/09\/foram-identificadas-as-vitimas-do-grave-acidente-envolvendo-duas-carretas-ocorrido-na-rodovia-do-xisto-br-476-em-paulo-frontin\/","title":{"rendered":"Dois caminhoneiros morreram em grave acidente envolvendo duas carretas na BR-476 em Paulo Frontin"},"content":{"rendered":"\n<figure class=\"wp-block-image size-full\"><img loading=\"lazy\" decoding=\"async\" width=\"598\" height=\"204\" src=\"https:\/\/radiostudiow.com.br\/site\/wp-content\/uploads\/2024\/12\/image-95.png\" alt=\"\" class=\"wp-image-31919\" srcset=\"https:\/\/radiostudiow.com.br\/site\/wp-content\/uploads\/2024\/12\/image-95.png 598w, https:\/\/radiostudiow.com.br\/site\/wp-content\/uploads\/2024\/12\/image-95-300x102.png 300w\" sizes=\"auto, (max-width: 598px) 100vw, 598px\" \/><\/figure>\n\n\n\n<p class=\"wp-block-paragraph\">Foram identificadas as v\u00edtimas do grave acidente envolvendo duas carretas ocorrido na rodovia do Xisto (BR-476) na noite desta quarta-feira, 8, no munic\u00edpio de Paulo Frontin.As v\u00edtimas s\u00e3o:<\/p>\n\n\n\n<p class=\"wp-block-paragraph\"><strong>\u2022 Gilmar Ant\u00f4nio Tormem,condutor da carreta carregada com cimento, natural de Capit\u00e3o Le\u00f4nidas Marques e residente em Cascavel.<\/strong><\/p>\n\n\n\n<p class=\"wp-block-paragraph\"><strong>\u2022 Josiane Aparecida Lewandowski, condutora da carreta de combust\u00edvel, moradora da Rondinha, no munic\u00edpio de Paula Freitas<\/strong><\/p>\n\n\n\n<p class=\"wp-block-paragraph\">Os corpos foram encaminhados ao IML de Uni\u00e3o da Vit\u00f3ria, onde aguardam libera\u00e7\u00e3o para os procedimentos funer\u00e1rios.<\/p>\n\n\n\n<figure class=\"wp-block-image size-full\"><img loading=\"lazy\" decoding=\"async\" width=\"731\" height=\"204\" src=\"https:\/\/radiostudiow.com.br\/site\/wp-content\/uploads\/2026\/05\/SITE-GRANDE-2026.png\" alt=\"\" class=\"wp-image-49711\" srcset=\"https:\/\/radiostudiow.com.br\/site\/wp-content\/uploads\/2026\/05\/SITE-GRANDE-2026.png 731w, https:\/\/radiostudiow.com.br\/site\/wp-content\/uploads\/2026\/05\/SITE-GRANDE-2026-300x84.png 300w\" sizes=\"auto, (max-width: 731px) 100vw, 731px\" \/><\/figure>\n\n\n\n<p class=\"wp-block-paragraph\">De acordo com informa\u00e7\u00f5es, a carreta de combust\u00edvel seguia no sentido Uni\u00e3o da Vit\u00f3ria, enquanto a carreta de cimento seguia em dire\u00e7\u00e3o a S\u00e3o Mateus do Sul. A colis\u00e3o frontal fez com que ambos os ve\u00edculos sa\u00edssem da pista, resultando em um impacto violento.<\/p>\n\n\n\n<p class=\"wp-block-paragraph\">A Pol\u00edcia Rodovi\u00e1ria Federal (PRF) esteve no local e acionou o Instituto de Criminal\u00edstica para investigar as causas do acidente.<\/p>\n\n\n\n<p class=\"wp-block-paragraph\">As autoridades continuam apurando os detalhes para esclarecer o que levou ao sinistro.<\/p>\n\n\n\n<figure class=\"wp-block-image size-large\"><img loading=\"lazy\" decoding=\"async\" width=\"1024\" height=\"768\" src=\"https:\/\/radiostudiow.com.br\/site\/wp-content\/uploads\/2025\/01\/image-36-1024x768.png\" alt=\"\" class=\"wp-image-32649\" srcset=\"https:\/\/radiostudiow.com.br\/site\/wp-content\/uploads\/2025\/01\/image-36-1024x768.png 1024w, https:\/\/radiostudiow.com.br\/site\/wp-content\/uploads\/2025\/01\/image-36-300x225.png 300w, https:\/\/radiostudiow.com.br\/site\/wp-content\/uploads\/2025\/01\/image-36-768x576.png 768w, https:\/\/radiostudiow.com.br\/site\/wp-content\/uploads\/2025\/01\/image-36-1536x1152.png 1536w, https:\/\/radiostudiow.com.br\/site\/wp-content\/uploads\/2025\/01\/image-36.png 2048w\" sizes=\"auto, (max-width: 1024px) 100vw, 1024px\" \/><\/figure>\n\n\n\n<figure class=\"wp-block-image size-large\"><img loading=\"lazy\" decoding=\"async\" width=\"1024\" height=\"768\" src=\"https:\/\/radiostudiow.com.br\/site\/wp-content\/uploads\/2025\/01\/image-37-1024x768.png\" alt=\"\" class=\"wp-image-32650\" srcset=\"https:\/\/radiostudiow.com.br\/site\/wp-content\/uploads\/2025\/01\/image-37-1024x768.png 1024w, https:\/\/radiostudiow.com.br\/site\/wp-content\/uploads\/2025\/01\/image-37-300x225.png 300w, https:\/\/radiostudiow.com.br\/site\/wp-content\/uploads\/2025\/01\/image-37-768x576.png 768w, https:\/\/radiostudiow.com.br\/site\/wp-content\/uploads\/2025\/01\/image-37-1536x1152.png 1536w, https:\/\/radiostudiow.com.br\/site\/wp-content\/uploads\/2025\/01\/image-37.png 2048w\" sizes=\"auto, (max-width: 1024px) 100vw, 1024px\" \/><\/figure>\n\n\n\n<figure class=\"wp-block-image size-large\"><img loading=\"lazy\" decoding=\"async\" width=\"1024\" height=\"768\" src=\"https:\/\/radiostudiow.com.br\/site\/wp-content\/uploads\/2025\/01\/image-38-1024x768.png\" alt=\"\" class=\"wp-image-32651\" srcset=\"https:\/\/radiostudiow.com.br\/site\/wp-content\/uploads\/2025\/01\/image-38-1024x768.png 1024w, https:\/\/radiostudiow.com.br\/site\/wp-content\/uploads\/2025\/01\/image-38-300x225.png 300w, https:\/\/radiostudiow.com.br\/site\/wp-content\/uploads\/2025\/01\/image-38-768x576.png 768w, https:\/\/radiostudiow.com.br\/site\/wp-content\/uploads\/2025\/01\/image-38-1536x1152.png 1536w, https:\/\/radiostudiow.com.br\/site\/wp-content\/uploads\/2025\/01\/image-38.png 2048w\" sizes=\"auto, (max-width: 1024px) 100vw, 1024px\" \/><\/figure>\n\n\n\n<p class=\"wp-block-paragraph\"><\/p>\n","protected":false},"excerpt":{"rendered":"<p>Foram identificadas as v\u00edtimas do grave acidente envolvendo duas carretas ocorrido na rodovia do Xisto (BR-476) na noite desta quarta-feira, 8, no munic\u00edpio de Paulo Frontin.As v\u00edtimas s\u00e3o: \u2022 Gilmar Ant\u00f4nio Tormem,condutor da carreta carregada com cimento, natural de Capit\u00e3o Le\u00f4nidas Marques e residente em Cascavel. \u2022 Josiane Aparecida Lewandowski, condutora da carreta de combust\u00edvel, [&hellip;]<\/p>\n","protected":false},"author":2,"featured_media":32648,"comment_status":"open","ping_status":"open","sticky":false,"template":"","format":"standard","meta":{"footnotes":""},"categories":[185],"tags":[172],"class_list":["post-32647","post","type-post","status-publish","format-standard","has-post-thumbnail","hentry","category-regional","tag-featured"],"amp_enabled":true,"_links":{"self":[{"href":"https:\/\/radiostudiow.com.br\/site\/wp-json\/wp\/v2\/posts\/32647","targetHints":{"allow":["GET"]}}],"collection":[{"href":"https:\/\/radiostudiow.com.br\/site\/wp-json\/wp\/v2\/posts"}],"about":[{"href":"https:\/\/radiostudiow.com.br\/site\/wp-json\/wp\/v2\/types\/post"}],"author":[{"embeddable":true,"href":"https:\/\/radiostudiow.com.br\/site\/wp-json\/wp\/v2\/users\/2"}],"replies":[{"embeddable":true,"href":"https:\/\/radiostudiow.com.br\/site\/wp-json\/wp\/v2\/comments?post=32647"}],"version-history":[{"count":3,"href":"https:\/\/radiostudiow.com.br\/site\/wp-json\/wp\/v2\/posts\/32647\/revisions"}],"predecessor-version":[{"id":52982,"href":"https:\/\/radiostudiow.com.br\/site\/wp-json\/wp\/v2\/posts\/32647\/revisions\/52982"}],"wp:featuredmedia":[{"embeddable":true,"href":"https:\/\/radiostudiow.com.br\/site\/wp-json\/wp\/v2\/media\/32648"}],"wp:attachment":[{"href":"https:\/\/radiostudiow.com.br\/site\/wp-json\/wp\/v2\/media?parent=32647"}],"wp:term":[{"taxonomy":"category","embeddable":true,"href":"https:\/\/radiostudiow.com.br\/site\/wp-json\/wp\/v2\/categories?post=32647"},{"taxonomy":"post_tag","embeddable":true,"href":"https:\/\/radiostudiow.com.br\/site\/wp-json\/wp\/v2\/tags?post=32647"}],"curies":[{"name":"wp","href":"https:\/\/api.w.org\/{rel}","templated":true}]}}