{"id":32659,"date":"2025-01-09T09:52:40","date_gmt":"2025-01-09T12:52:40","guid":{"rendered":"https:\/\/radiostudiow.com.br\/site\/?p=32659"},"modified":"2025-01-31T14:57:59","modified_gmt":"2025-01-31T17:57:59","slug":"br-476-continua-em-situacao-precaria-apesar-de-promessas-de-recuperacao","status":"publish","type":"post","link":"https:\/\/radiostudiow.com.br\/site\/2025\/01\/09\/br-476-continua-em-situacao-precaria-apesar-de-promessas-de-recuperacao\/","title":{"rendered":"BR-476 Continua em Situa\u00e7\u00e3o Prec\u00e1ria, Apesar de Promessas de Recupera\u00e7\u00e3o"},"content":{"rendered":"\n<p>A rodovia BR-476, importante via de liga\u00e7\u00e3o no Paran\u00e1, segue apresentando s\u00e9rios problemas estruturais, com a pista se deteriorando a cada dia. Apesar das constantes promessas de recupera\u00e7\u00e3o, a situa\u00e7\u00e3o permanece indefinida, gerando inseguran\u00e7a e transtornos para os motoristas que utilizam a estrada diariamente.<\/p>\n\n\n\n<p>Diversos pol\u00edticos da regi\u00e3o t\u00eam manifestado interesse na recupera\u00e7\u00e3o da rodovia. O governo <a><\/a>Estadual do Paran\u00e1 tenta, h\u00e1 algum tempo, assumir a gest\u00e3o da BR-476, atualmente sob responsabilidade do Departamento Nacional de Infraestrutura de Transportes (Dnit). O objetivo do governo estadual \u00e9 restaurar completamente a rodovia, caso consiga sua concess\u00e3o.<\/p>\n\n\n\n<figure class=\"wp-block-image size-full\"><img loading=\"lazy\" decoding=\"async\" width=\"897\" height=\"204\" src=\"https:\/\/radiostudiow.com.br\/site\/wp-content\/uploads\/2024\/04\/image-15.png\" alt=\"\" class=\"wp-image-21199\" srcset=\"https:\/\/radiostudiow.com.br\/site\/wp-content\/uploads\/2024\/04\/image-15.png 897w, https:\/\/radiostudiow.com.br\/site\/wp-content\/uploads\/2024\/04\/image-15-300x68.png 300w, https:\/\/radiostudiow.com.br\/site\/wp-content\/uploads\/2024\/04\/image-15-768x175.png 768w\" sizes=\"auto, (max-width: 897px) 100vw, 897px\" \/><\/figure>\n\n\n\n<p>No entanto, em um v\u00eddeo divulgado no \u00faltimo dia de 2024, o deputado federal Tadeu Veneri informou que n\u00e3o h\u00e1 possibilidade de o governo federal repassar a rodovia para o Estado. Segundo ele, a obra de recupera\u00e7\u00e3o j\u00e1 estaria prevista para iniciar no in\u00edcio deste m\u00eas, com um investimento aproximado de R$ 80 mil.<\/p>\n\n\n\n<p>Por outro lado, o deputado estadual Hussein Bakri defende que a rodovia seja totalmente restaurada pelo governo do Paran\u00e1. Em v\u00eddeo publicado no final do ano passado, ele destacou a import\u00e2ncia de uma recupera\u00e7\u00e3o completa com uma camada s\u00f3lida de concreto, informando que o governo estadual estaria disposto a investir cerca de R$ 500 mil no projeto, caso a gest\u00e3o da rodovia fosse transferida ao estado.<\/p>\n\n\n\n<div class=\"wp-block-media-text is-stacked-on-mobile\"><figure class=\"wp-block-media-text__media\"><img loading=\"lazy\" decoding=\"async\" width=\"258\" height=\"193\" src=\"https:\/\/radiostudiow.com.br\/site\/wp-content\/uploads\/2025\/01\/image-41.png\" alt=\"\" class=\"wp-image-32661 size-full\"\/><\/figure><div class=\"wp-block-media-text__content\">\n<p>Contudo, o edital de licita\u00e7\u00e3o publicado pelo Dnit informa que os servi\u00e7os previstos consistem em \u201cremendos profundos\u201d, e n\u00e3o em uma restaura\u00e7\u00e3o completa da rodovia. O trecho contemplado no edital abrange 81 km, entre o km 277 e o km 358.<\/p>\n<\/div><\/div>\n\n\n\n<p>O que permanece em aberto \u00e9 a data oficial de in\u00edcio das obras e o prazo para sua conclus\u00e3o. Enquanto isso, moradores e usu\u00e1rios da BR-476 continuam enfrentando condi\u00e7\u00f5es prec\u00e1rias, com buracos que se agravam ap\u00f3s chuvas e manuten\u00e7\u00f5es superficiais que n\u00e3o resolvem o problema.<\/p>\n\n\n\n<p>Relatos de motoristas indicam que, em algumas ocasi\u00f5es, os servi\u00e7os de manuten\u00e7\u00e3o s\u00e3o realizados de forma inadequada, com fragmentos de asfalto despejados diretamente dos caminh\u00f5es e espalhados pela via. Em dias de chuva, esses fragmentos acabam sendo arrastados, e os buracos voltam a se abrir, muitas vezes maiores do que antes.<\/p>\n\n\n\n<p>Al\u00e9m dos transtornos, a situa\u00e7\u00e3o da rodovia tem provocado diversos acidentes, colocando em risco a seguran\u00e7a de quem trafega pela regi\u00e3o.<\/p>\n\n\n\n<figure class=\"wp-block-image size-full\"><img decoding=\"async\" src=\"https:\/\/radiostudiow.com.br\/site\/wp-content\/uploads\/2024\/04\/image-45.png\" alt=\"\" class=\"wp-image-21394\"\/><\/figure>\n\n\n\n<p>A popula\u00e7\u00e3o, por sua vez, n\u00e3o est\u00e1 preocupada com quem assumir\u00e1 a gest\u00e3o da BR-476. O que os moradores e motoristas realmente exigem \u00e9 uma rodovia segura, com condi\u00e7\u00f5es adequadas de tr\u00e1fego e manuten\u00e7\u00e3o frequente.<\/p>\n\n\n\n<p>At\u00e9 quando a popula\u00e7\u00e3o ter\u00e1 que conviver com essa situa\u00e7\u00e3o? Essa \u00e9 a pergunta que permanece sem resposta.<\/p>\n\n\n\n<p>Continuaremos acompanhando e ao iniciarem as obras estaremos informando sobre qual ser\u00e3o os trabalhos realizados (recupera\u00e7\u00e3o ou remendo)<\/p>\n\n\n\n<figure class=\"wp-block-image size-full\"><img loading=\"lazy\" decoding=\"async\" width=\"736\" height=\"416\" src=\"https:\/\/radiostudiow.com.br\/site\/wp-content\/uploads\/2025\/01\/image-40.png\" alt=\"\" class=\"wp-image-32660\" srcset=\"https:\/\/radiostudiow.com.br\/site\/wp-content\/uploads\/2025\/01\/image-40.png 736w, https:\/\/radiostudiow.com.br\/site\/wp-content\/uploads\/2025\/01\/image-40-300x170.png 300w\" sizes=\"auto, (max-width: 736px) 100vw, 736px\" \/><\/figure>\n\n\n\n<figure class=\"wp-block-image size-large\"><img loading=\"lazy\" decoding=\"async\" width=\"1024\" height=\"461\" src=\"https:\/\/radiostudiow.com.br\/site\/wp-content\/uploads\/2025\/01\/image-43-1024x461.png\" alt=\"\" class=\"wp-image-32663\" srcset=\"https:\/\/radiostudiow.com.br\/site\/wp-content\/uploads\/2025\/01\/image-43-1024x461.png 1024w, https:\/\/radiostudiow.com.br\/site\/wp-content\/uploads\/2025\/01\/image-43-300x135.png 300w, https:\/\/radiostudiow.com.br\/site\/wp-content\/uploads\/2025\/01\/image-43-768x346.png 768w, https:\/\/radiostudiow.com.br\/site\/wp-content\/uploads\/2025\/01\/image-43.png 1157w\" sizes=\"auto, (max-width: 1024px) 100vw, 1024px\" \/><\/figure>\n\n\n\n<p><em>Portal Clic Sul News<\/em><\/p>\n","protected":false},"excerpt":{"rendered":"<p>A rodovia BR-476, importante via de liga\u00e7\u00e3o no Paran\u00e1, segue apresentando s\u00e9rios problemas estruturais, com a pista se deteriorando a cada dia. Apesar das constantes promessas de recupera\u00e7\u00e3o, a situa\u00e7\u00e3o permanece indefinida, gerando inseguran\u00e7a e transtornos para os motoristas que utilizam a estrada diariamente. Diversos pol\u00edticos da regi\u00e3o t\u00eam manifestado interesse na recupera\u00e7\u00e3o da rodovia. [&hellip;]<\/p>\n","protected":false},"author":2,"featured_media":32662,"comment_status":"open","ping_status":"open","sticky":false,"template":"","format":"standard","meta":{"footnotes":""},"categories":[7],"tags":[172],"class_list":["post-32659","post","type-post","status-publish","format-standard","has-post-thumbnail","hentry","category-geral","tag-featured"],"amp_enabled":true,"_links":{"self":[{"href":"https:\/\/radiostudiow.com.br\/site\/wp-json\/wp\/v2\/posts\/32659","targetHints":{"allow":["GET"]}}],"collection":[{"href":"https:\/\/radiostudiow.com.br\/site\/wp-json\/wp\/v2\/posts"}],"about":[{"href":"https:\/\/radiostudiow.com.br\/site\/wp-json\/wp\/v2\/types\/post"}],"author":[{"embeddable":true,"href":"https:\/\/radiostudiow.com.br\/site\/wp-json\/wp\/v2\/users\/2"}],"replies":[{"embeddable":true,"href":"https:\/\/radiostudiow.com.br\/site\/wp-json\/wp\/v2\/comments?post=32659"}],"version-history":[{"count":1,"href":"https:\/\/radiostudiow.com.br\/site\/wp-json\/wp\/v2\/posts\/32659\/revisions"}],"predecessor-version":[{"id":32664,"href":"https:\/\/radiostudiow.com.br\/site\/wp-json\/wp\/v2\/posts\/32659\/revisions\/32664"}],"wp:featuredmedia":[{"embeddable":true,"href":"https:\/\/radiostudiow.com.br\/site\/wp-json\/wp\/v2\/media\/32662"}],"wp:attachment":[{"href":"https:\/\/radiostudiow.com.br\/site\/wp-json\/wp\/v2\/media?parent=32659"}],"wp:term":[{"taxonomy":"category","embeddable":true,"href":"https:\/\/radiostudiow.com.br\/site\/wp-json\/wp\/v2\/categories?post=32659"},{"taxonomy":"post_tag","embeddable":true,"href":"https:\/\/radiostudiow.com.br\/site\/wp-json\/wp\/v2\/tags?post=32659"}],"curies":[{"name":"wp","href":"https:\/\/api.w.org\/{rel}","templated":true}]}}