{"id":32668,"date":"2025-01-09T10:42:31","date_gmt":"2025-01-09T13:42:31","guid":{"rendered":"https:\/\/radiostudiow.com.br\/site\/?p=32668"},"modified":"2025-01-31T14:57:59","modified_gmt":"2025-01-31T17:57:59","slug":"duas-pessoas-morrem-apos-acidente-com-moto-na-br-277-em-prudentopolis","status":"publish","type":"post","link":"https:\/\/radiostudiow.com.br\/site\/2025\/01\/09\/duas-pessoas-morrem-apos-acidente-com-moto-na-br-277-em-prudentopolis\/","title":{"rendered":"Duas pessoas morrem ap\u00f3s acidente com moto na BR-277 em Prudent\u00f3polis"},"content":{"rendered":"\n<p>Duas pessoas morreram ap\u00f3s um acidente com uma moto no quil\u00f4metro 299 + 700 metros da BR-277, em Prudent\u00f3polis, na manh\u00e3 desta quarta-feira, por volta das 10 h. As v\u00edtimas ocupavam uma motocicleta Honda CB 500 emplacada em Anchieta\/ES.<\/p>\n\n\n\n<p>De acordo com a Pol\u00edcia Rodovi\u00e1ria Federal (PRF), o condutor, de 47 anos, perdeu o controle da dire\u00e7\u00e3o em uma curva acentuada no sentido Guarapuava\/Prudent\u00f3polis e tombou. Ele foi atendido pela ambul\u00e2ncia da concession\u00e1ria Via Arauc\u00e1ria, que administra a rodovia, mas sofreu uma parada cardiorrespirat\u00f3ria e morreu no local.<\/p>\n\n\n\n<figure class=\"wp-block-image size-large\"><img decoding=\"async\" src=\"https:\/\/radiostudiow.com.br\/site\/wp-content\/uploads\/2024\/12\/unnamed-file-1024x379.png\" alt=\"\" class=\"wp-image-32295\"\/><figcaption class=\"wp-element-caption\">AFUBRA IRATI: \ud83d\udcde(42) 3421-1700 \ud83d\udccd Rua Coronel Emilio Gomes, 399, Centro &#8211; Irati &#8211; PR<br>AFUBRA IMBITUVA: \ud83d\udcde(42) 3436-84003 \ud83d\udccd RUA Jacobe Brener, 830 &#8211; Centro, Imbituva &#8211; PR<br>https:\/\/www.lojasafubra.com.br<\/figcaption><\/figure>\n\n\n\n<p>O corpo dele foi encaminhado para a Santa Casa de Prudent\u00f3polis, onde permanece em um morgue, local onde s\u00e3o colocados cad\u00e1veres antes de ser enterrados. A passageira, de 45 anos, tamb\u00e9m morreu no local do acidente. Os corpos das v\u00edtimas ser\u00e3o encaminhados ao Instituto M\u00e9dico-Legal (IML) de Guarapuava.<\/p>\n\n\n\n<p>A rodovia foi interditada parcialmente no local do acidente para realiza\u00e7\u00e3o da per\u00edcia e remo\u00e7\u00e3o da moto. A libera\u00e7\u00e3o ocorreu somente no per\u00edodo da tarde, por volta das 14h30, segundo a Via Arauc\u00e1ria.<\/p>\n\n\n\n<p><a href=\"https:\/\/api.whatsapp.com\/send?phone=5542999452774&amp;text=Vi%20o%20an%C3%BAncio%20na%20Naju%C3%A1\" target=\"_blank\" rel=\"noreferrer noopener\"><\/a><\/p>\n","protected":false},"excerpt":{"rendered":"<p>Duas pessoas morreram ap\u00f3s um acidente com uma moto no quil\u00f4metro 299 + 700 metros da BR-277, em Prudent\u00f3polis, na manh\u00e3 desta quarta-feira, por volta das 10 h. As v\u00edtimas ocupavam uma motocicleta Honda CB 500 emplacada em Anchieta\/ES. De acordo com a Pol\u00edcia Rodovi\u00e1ria Federal (PRF), o condutor, de 47 anos, perdeu o controle [&hellip;]<\/p>\n","protected":false},"author":2,"featured_media":32669,"comment_status":"open","ping_status":"open","sticky":false,"template":"","format":"standard","meta":{"footnotes":""},"categories":[185],"tags":[172],"class_list":["post-32668","post","type-post","status-publish","format-standard","has-post-thumbnail","hentry","category-regional","tag-featured"],"amp_enabled":true,"_links":{"self":[{"href":"https:\/\/radiostudiow.com.br\/site\/wp-json\/wp\/v2\/posts\/32668","targetHints":{"allow":["GET"]}}],"collection":[{"href":"https:\/\/radiostudiow.com.br\/site\/wp-json\/wp\/v2\/posts"}],"about":[{"href":"https:\/\/radiostudiow.com.br\/site\/wp-json\/wp\/v2\/types\/post"}],"author":[{"embeddable":true,"href":"https:\/\/radiostudiow.com.br\/site\/wp-json\/wp\/v2\/users\/2"}],"replies":[{"embeddable":true,"href":"https:\/\/radiostudiow.com.br\/site\/wp-json\/wp\/v2\/comments?post=32668"}],"version-history":[{"count":1,"href":"https:\/\/radiostudiow.com.br\/site\/wp-json\/wp\/v2\/posts\/32668\/revisions"}],"predecessor-version":[{"id":32670,"href":"https:\/\/radiostudiow.com.br\/site\/wp-json\/wp\/v2\/posts\/32668\/revisions\/32670"}],"wp:featuredmedia":[{"embeddable":true,"href":"https:\/\/radiostudiow.com.br\/site\/wp-json\/wp\/v2\/media\/32669"}],"wp:attachment":[{"href":"https:\/\/radiostudiow.com.br\/site\/wp-json\/wp\/v2\/media?parent=32668"}],"wp:term":[{"taxonomy":"category","embeddable":true,"href":"https:\/\/radiostudiow.com.br\/site\/wp-json\/wp\/v2\/categories?post=32668"},{"taxonomy":"post_tag","embeddable":true,"href":"https:\/\/radiostudiow.com.br\/site\/wp-json\/wp\/v2\/tags?post=32668"}],"curies":[{"name":"wp","href":"https:\/\/api.w.org\/{rel}","templated":true}]}}