{"id":32674,"date":"2025-01-09T10:45:26","date_gmt":"2025-01-09T13:45:26","guid":{"rendered":"https:\/\/radiostudiow.com.br\/site\/?p=32674"},"modified":"2025-01-31T14:57:59","modified_gmt":"2025-01-31T17:57:59","slug":"carro-e-furtado-de-residencia-em-imbituva","status":"publish","type":"post","link":"https:\/\/radiostudiow.com.br\/site\/2025\/01\/09\/carro-e-furtado-de-residencia-em-imbituva\/","title":{"rendered":"Carro \u00e9 furtado de resid\u00eancia em Imbituva"},"content":{"rendered":"\n<p>Um ve\u00edculo Chevette foi furtado de uma casa na Vila Nova, em Imbituva, na ter\u00e7a-feira. O propriet\u00e1rio disse que saiu da resid\u00eancia no per\u00edodo da manh\u00e3 para trabalhar. Quando retornou ao im\u00f3vel, por volta das 20 h, percebeu que o port\u00e3o estava aberto e o cadeado arrombado.<\/p>\n\n\n\n<figure class=\"wp-block-image size-full\"><img decoding=\"async\" src=\"https:\/\/radiostudiow.com.br\/site\/wp-content\/uploads\/2024\/12\/BISTRO.png\" alt=\"\" class=\"wp-image-31336\"\/><\/figure>\n\n\n\n<p>Vizinhos disseram que viram dois homens em frente \u00e0 resid\u00eancia. Eles estavam com um ve\u00edculo guincho e haviam colocado o Chevette na plataforma. Segundo o dono, o carro n\u00e3o estava transitando em vias p\u00fablicas por conta de problemas mec\u00e2nicos. A Pol\u00edcia Militar (PM) foi acionada e realizou buscas, mas n\u00e3o encontrou o carro.<\/p>\n","protected":false},"excerpt":{"rendered":"<p>Um ve\u00edculo Chevette foi furtado de uma casa na Vila Nova, em Imbituva, na ter\u00e7a-feira. O propriet\u00e1rio disse que saiu da resid\u00eancia no per\u00edodo da manh\u00e3 para trabalhar. Quando retornou ao im\u00f3vel, por volta das 20 h, percebeu que o port\u00e3o estava aberto e o cadeado arrombado. Vizinhos disseram que viram dois homens em frente [&hellip;]<\/p>\n","protected":false},"author":2,"featured_media":32675,"comment_status":"open","ping_status":"open","sticky":false,"template":"","format":"standard","meta":{"footnotes":""},"categories":[2],"tags":[172],"class_list":["post-32674","post","type-post","status-publish","format-standard","has-post-thumbnail","hentry","category-policial","tag-featured"],"amp_enabled":true,"_links":{"self":[{"href":"https:\/\/radiostudiow.com.br\/site\/wp-json\/wp\/v2\/posts\/32674","targetHints":{"allow":["GET"]}}],"collection":[{"href":"https:\/\/radiostudiow.com.br\/site\/wp-json\/wp\/v2\/posts"}],"about":[{"href":"https:\/\/radiostudiow.com.br\/site\/wp-json\/wp\/v2\/types\/post"}],"author":[{"embeddable":true,"href":"https:\/\/radiostudiow.com.br\/site\/wp-json\/wp\/v2\/users\/2"}],"replies":[{"embeddable":true,"href":"https:\/\/radiostudiow.com.br\/site\/wp-json\/wp\/v2\/comments?post=32674"}],"version-history":[{"count":1,"href":"https:\/\/radiostudiow.com.br\/site\/wp-json\/wp\/v2\/posts\/32674\/revisions"}],"predecessor-version":[{"id":32676,"href":"https:\/\/radiostudiow.com.br\/site\/wp-json\/wp\/v2\/posts\/32674\/revisions\/32676"}],"wp:featuredmedia":[{"embeddable":true,"href":"https:\/\/radiostudiow.com.br\/site\/wp-json\/wp\/v2\/media\/32675"}],"wp:attachment":[{"href":"https:\/\/radiostudiow.com.br\/site\/wp-json\/wp\/v2\/media?parent=32674"}],"wp:term":[{"taxonomy":"category","embeddable":true,"href":"https:\/\/radiostudiow.com.br\/site\/wp-json\/wp\/v2\/categories?post=32674"},{"taxonomy":"post_tag","embeddable":true,"href":"https:\/\/radiostudiow.com.br\/site\/wp-json\/wp\/v2\/tags?post=32674"}],"curies":[{"name":"wp","href":"https:\/\/api.w.org\/{rel}","templated":true}]}}