{"id":32677,"date":"2025-01-09T11:09:17","date_gmt":"2025-01-09T14:09:17","guid":{"rendered":"https:\/\/radiostudiow.com.br\/site\/?p=32677"},"modified":"2025-01-31T14:57:59","modified_gmt":"2025-01-31T17:57:59","slug":"der-pr-confirma-resultado-da-licitacao-para-recuperar-rodovia-de-bituruna","status":"publish","type":"post","link":"https:\/\/radiostudiow.com.br\/site\/2025\/01\/09\/der-pr-confirma-resultado-da-licitacao-para-recuperar-rodovia-de-bituruna\/","title":{"rendered":"DER\/PR confirma resultado da licita\u00e7\u00e3o para recuperar rodovia de Bituruna"},"content":{"rendered":"\n<p>O Departamento de Estradas de Rodagem do Paran\u00e1 (DER\/PR), autarquia da Secretaria de Infraestrutura e Log\u00edstica (SEIL), publicou nesta quarta-feira (08) o resultado da licita\u00e7\u00e3o para recuperar seis segmentos da PR-170 em Bituruna, na regi\u00e3o Sul do Estado, danificados pelas chuvas.<\/p>\n\n\n\n<p>Foi confirmado o resultado anterior, ap\u00f3s an\u00e1lise de recurso administrativo, sendo vencedor da disputa o Cons\u00f3rcio Bituruna, formado pelas empresas Engemass Engenharia e Constru\u00e7\u00e3o Ltda. e Engmetria Engenharia Ltda.<\/p>\n\n\n\n<figure class=\"wp-block-image size-full\"><img loading=\"lazy\" decoding=\"async\" width=\"598\" height=\"204\" src=\"https:\/\/radiostudiow.com.br\/site\/wp-content\/uploads\/2024\/10\/labirati.png\" alt=\"\" class=\"wp-image-28854\" srcset=\"https:\/\/radiostudiow.com.br\/site\/wp-content\/uploads\/2024\/10\/labirati.png 598w, https:\/\/radiostudiow.com.br\/site\/wp-content\/uploads\/2024\/10\/labirati-300x102.png 300w\" sizes=\"auto, (max-width: 598px) 100vw, 598px\" \/><\/figure>\n\n\n\n<p>A pr\u00f3xima etapa \u00e9 a homologa\u00e7\u00e3o deste resultado, tamb\u00e9m publicada em di\u00e1rio oficial e no portal Compras Paran\u00e1, seguido por tr\u00e2mites internos para assinatura do contrato, no valor de R$ 20.198.000,00.<\/p>\n\n\n\n<p>A licita\u00e7\u00e3o utiliza a modalidade concorr\u00eancia eletr\u00f4nica com regime de contrata\u00e7\u00e3o integrada, que prev\u00ea a elabora\u00e7\u00e3o do projeto da obra e execu\u00e7\u00e3o dos servi\u00e7os em uma mesma empreitada. Com isso, ser\u00e3o 90 dias para estudos e projetos, e 365 para os trabalhos no trecho, em um total de 455 dias corridos.<\/p>\n\n\n\n<p><strong>SERVI\u00c7OS&nbsp;<\/strong>\u2013 As primeiras atividades ser\u00e3o sondagens e ensaios geot\u00e9cnicos, que embasar\u00e3o a elabora\u00e7\u00e3o de projeto b\u00e1sico e projeto executivo de engenharia da obra. Depois ser\u00e3o executados servi\u00e7os de conten\u00e7\u00e3o e estabiliza\u00e7\u00e3o de taludes, recomposi\u00e7\u00e3o de pista e mitiga\u00e7\u00e3o dos danos ambientais causados pelo escorregamento de materiais, de acordo com a situa\u00e7\u00e3o registrada em cada local.<\/p>\n\n\n\n<figure class=\"wp-block-image size-full\"><img loading=\"lazy\" decoding=\"async\" width=\"897\" height=\"204\" src=\"https:\/\/radiostudiow.com.br\/site\/wp-content\/uploads\/2024\/04\/image-19.png\" alt=\"\" class=\"wp-image-21212\" srcset=\"https:\/\/radiostudiow.com.br\/site\/wp-content\/uploads\/2024\/04\/image-19.png 897w, https:\/\/radiostudiow.com.br\/site\/wp-content\/uploads\/2024\/04\/image-19-300x68.png 300w, https:\/\/radiostudiow.com.br\/site\/wp-content\/uploads\/2024\/04\/image-19-768x175.png 768w\" sizes=\"auto, (max-width: 897px) 100vw, 897px\" \/><\/figure>\n\n\n\n<p>No segmento 01, que fica no km 487,840, est\u00e1 previsto o retaludamento com material rochoso, e uma chave granular na base do talude, para maior estabilidade. No segmento 02, km 486,201, al\u00e9m do retaludamento, ser\u00e1 recomposto e aprimorado o sistema de drenagem danificado pelas chuvas. Nos segmentos 03, 04 e 05 (km 484,542, km 478,841 e km 474,107, respectivamente, ser\u00e1 estabilizado o talude com muros de gabi\u00e3o.<\/p>\n\n\n\n<p>Por \u00faltimo, no segmento 06, km 473,084, ser\u00e1 feito o retaludamento com material rochoso e a chave granular, e tamb\u00e9m instalada tela met\u00e1lica de alta resist\u00eancia.<\/p>\n","protected":false},"excerpt":{"rendered":"<p>O Departamento de Estradas de Rodagem do Paran\u00e1 (DER\/PR), autarquia da Secretaria de Infraestrutura e Log\u00edstica (SEIL), publicou nesta quarta-feira (08) o resultado da licita\u00e7\u00e3o para recuperar seis segmentos da PR-170 em Bituruna, na regi\u00e3o Sul do Estado, danificados pelas chuvas. Foi confirmado o resultado anterior, ap\u00f3s an\u00e1lise de recurso administrativo, sendo vencedor da disputa [&hellip;]<\/p>\n","protected":false},"author":2,"featured_media":32678,"comment_status":"open","ping_status":"open","sticky":false,"template":"","format":"standard","meta":{"footnotes":""},"categories":[7],"tags":[172],"class_list":["post-32677","post","type-post","status-publish","format-standard","has-post-thumbnail","hentry","category-geral","tag-featured"],"amp_enabled":true,"_links":{"self":[{"href":"https:\/\/radiostudiow.com.br\/site\/wp-json\/wp\/v2\/posts\/32677","targetHints":{"allow":["GET"]}}],"collection":[{"href":"https:\/\/radiostudiow.com.br\/site\/wp-json\/wp\/v2\/posts"}],"about":[{"href":"https:\/\/radiostudiow.com.br\/site\/wp-json\/wp\/v2\/types\/post"}],"author":[{"embeddable":true,"href":"https:\/\/radiostudiow.com.br\/site\/wp-json\/wp\/v2\/users\/2"}],"replies":[{"embeddable":true,"href":"https:\/\/radiostudiow.com.br\/site\/wp-json\/wp\/v2\/comments?post=32677"}],"version-history":[{"count":1,"href":"https:\/\/radiostudiow.com.br\/site\/wp-json\/wp\/v2\/posts\/32677\/revisions"}],"predecessor-version":[{"id":32679,"href":"https:\/\/radiostudiow.com.br\/site\/wp-json\/wp\/v2\/posts\/32677\/revisions\/32679"}],"wp:featuredmedia":[{"embeddable":true,"href":"https:\/\/radiostudiow.com.br\/site\/wp-json\/wp\/v2\/media\/32678"}],"wp:attachment":[{"href":"https:\/\/radiostudiow.com.br\/site\/wp-json\/wp\/v2\/media?parent=32677"}],"wp:term":[{"taxonomy":"category","embeddable":true,"href":"https:\/\/radiostudiow.com.br\/site\/wp-json\/wp\/v2\/categories?post=32677"},{"taxonomy":"post_tag","embeddable":true,"href":"https:\/\/radiostudiow.com.br\/site\/wp-json\/wp\/v2\/tags?post=32677"}],"curies":[{"name":"wp","href":"https:\/\/api.w.org\/{rel}","templated":true}]}}