{"id":32686,"date":"2025-01-09T21:01:43","date_gmt":"2025-01-10T00:01:43","guid":{"rendered":"https:\/\/radiostudiow.com.br\/site\/?p=32686"},"modified":"2025-01-31T14:57:58","modified_gmt":"2025-01-31T17:57:58","slug":"moveis-roupas-bujao-de-gas-panelas-compra-do-mes-e-outras-coisas-foram-furtadas-de-residencia-enquanto-dono-viajava-em-cruz-machado","status":"publish","type":"post","link":"https:\/\/radiostudiow.com.br\/site\/2025\/01\/09\/moveis-roupas-bujao-de-gas-panelas-compra-do-mes-e-outras-coisas-foram-furtadas-de-residencia-enquanto-dono-viajava-em-cruz-machado\/","title":{"rendered":"M\u00f3veis, roupas, buj\u00e3o de g\u00e1s, panelas, compra do m\u00eas e outras coisas foram furtadas de resid\u00eancia enquanto dono viajava em Cruz Machado"},"content":{"rendered":"\n<p>Um homem compareceu ao pelot\u00e3o de Pol\u00edcia Militar relatando uma situa\u00e7\u00e3o de furto por volta das 21 horas dessa ter\u00e7a-feira, 07 de janeiro, no bairro S\u00e3o Jos\u00e9.<\/p>\n\n\n\n<figure class=\"wp-block-image size-full\"><img loading=\"lazy\" decoding=\"async\" width=\"897\" height=\"204\" src=\"https:\/\/radiostudiow.com.br\/site\/wp-content\/uploads\/2024\/12\/SEPAC.png\" alt=\"\" class=\"wp-image-32250\" srcset=\"https:\/\/radiostudiow.com.br\/site\/wp-content\/uploads\/2024\/12\/SEPAC.png 897w, https:\/\/radiostudiow.com.br\/site\/wp-content\/uploads\/2024\/12\/SEPAC-300x68.png 300w, https:\/\/radiostudiow.com.br\/site\/wp-content\/uploads\/2024\/12\/SEPAC-768x175.png 768w\" sizes=\"auto, (max-width: 897px) 100vw, 897px\" \/><\/figure>\n\n\n\n<p>De acordo com o solicitante, em dezembro de 2024 viajou para visitar seus familiares e quando retornou em janeiro de 2025, visualizou que n\u00e3o estava mais no local seus m\u00f3veis e eletrodom\u00e9sticos, como geladeira, colch\u00e3o, buj\u00e3o de g\u00e1s, mesa com cadeira, roupas, m\u00e1quina de lavar, centr\u00edfuga, panelas e a compra do m\u00eas. v\u00edtima relata que seus vizinhos ouviram barulho na resid\u00eancia.<\/p>\n\n\n\n<p>Diante dos fatos a equipe policial orientou a v\u00edtima foi orientada sobre os procedimentos de pol\u00edcia judici\u00e1ria.<\/p>\n","protected":false},"excerpt":{"rendered":"<p>Um homem compareceu ao pelot\u00e3o de Pol\u00edcia Militar relatando uma situa\u00e7\u00e3o de furto por volta das 21 horas dessa ter\u00e7a-feira, 07 de janeiro, no bairro S\u00e3o Jos\u00e9. De acordo com o solicitante, em dezembro de 2024 viajou para visitar seus familiares e quando retornou em janeiro de 2025, visualizou que n\u00e3o estava mais no local [&hellip;]<\/p>\n","protected":false},"author":2,"featured_media":30530,"comment_status":"open","ping_status":"open","sticky":false,"template":"","format":"standard","meta":{"footnotes":""},"categories":[2],"tags":[172],"class_list":["post-32686","post","type-post","status-publish","format-standard","has-post-thumbnail","hentry","category-policial","tag-featured"],"amp_enabled":true,"_links":{"self":[{"href":"https:\/\/radiostudiow.com.br\/site\/wp-json\/wp\/v2\/posts\/32686","targetHints":{"allow":["GET"]}}],"collection":[{"href":"https:\/\/radiostudiow.com.br\/site\/wp-json\/wp\/v2\/posts"}],"about":[{"href":"https:\/\/radiostudiow.com.br\/site\/wp-json\/wp\/v2\/types\/post"}],"author":[{"embeddable":true,"href":"https:\/\/radiostudiow.com.br\/site\/wp-json\/wp\/v2\/users\/2"}],"replies":[{"embeddable":true,"href":"https:\/\/radiostudiow.com.br\/site\/wp-json\/wp\/v2\/comments?post=32686"}],"version-history":[{"count":2,"href":"https:\/\/radiostudiow.com.br\/site\/wp-json\/wp\/v2\/posts\/32686\/revisions"}],"predecessor-version":[{"id":32729,"href":"https:\/\/radiostudiow.com.br\/site\/wp-json\/wp\/v2\/posts\/32686\/revisions\/32729"}],"wp:featuredmedia":[{"embeddable":true,"href":"https:\/\/radiostudiow.com.br\/site\/wp-json\/wp\/v2\/media\/30530"}],"wp:attachment":[{"href":"https:\/\/radiostudiow.com.br\/site\/wp-json\/wp\/v2\/media?parent=32686"}],"wp:term":[{"taxonomy":"category","embeddable":true,"href":"https:\/\/radiostudiow.com.br\/site\/wp-json\/wp\/v2\/categories?post=32686"},{"taxonomy":"post_tag","embeddable":true,"href":"https:\/\/radiostudiow.com.br\/site\/wp-json\/wp\/v2\/tags?post=32686"}],"curies":[{"name":"wp","href":"https:\/\/api.w.org\/{rel}","templated":true}]}}