{"id":32688,"date":"2025-01-09T11:34:35","date_gmt":"2025-01-09T14:34:35","guid":{"rendered":"https:\/\/radiostudiow.com.br\/site\/?p=32688"},"modified":"2025-01-31T14:57:59","modified_gmt":"2025-01-31T17:57:59","slug":"vitima-de-acidente-na-br-476-morreu-10-dias-antes-do-aniversario","status":"publish","type":"post","link":"https:\/\/radiostudiow.com.br\/site\/2025\/01\/09\/vitima-de-acidente-na-br-476-morreu-10-dias-antes-do-aniversario\/","title":{"rendered":"V\u00edtima de acidente na BR-476 morreu 10 dias antes do anivers\u00e1rio"},"content":{"rendered":"\n<p>Josiane Aparecida Lewandowski, conhecida carinhosamente como Josi,&nbsp;era moradora da localidade de Rondinha em Paula Freitas e deixou um legado de amor, determina\u00e7\u00e3o e alegria.<\/p>\n\n\n\n<p>Aos 35 anos,\u00a0Josi perdeu a vida tragicamente na noite desta quarta-feira (8), em um acidente na BR-476, que chocou a comunidade local.<\/p>\n\n\n\n<figure class=\"wp-block-image size-full\"><img loading=\"lazy\" decoding=\"async\" width=\"897\" height=\"204\" src=\"https:\/\/radiostudiow.com.br\/site\/wp-content\/uploads\/2024\/04\/image-50.png\" alt=\"\" class=\"wp-image-21368\" srcset=\"https:\/\/radiostudiow.com.br\/site\/wp-content\/uploads\/2024\/04\/image-50.png 897w, https:\/\/radiostudiow.com.br\/site\/wp-content\/uploads\/2024\/04\/image-50-300x68.png 300w, https:\/\/radiostudiow.com.br\/site\/wp-content\/uploads\/2024\/04\/image-50-768x175.png 768w\" sizes=\"auto, (max-width: 897px) 100vw, 897px\" \/><\/figure>\n\n\n\n<p>Josi era uma mulher de fibra, conhecida por sua disposi\u00e7\u00e3o e dedica\u00e7\u00e3o em tudo que fazia. Ela trabalhava como motorista desde 2021. Amigos e familiares lembram dela como uma pessoa animada, companheira e extremamente esfor\u00e7ada.<\/p>\n\n\n\n<p><strong>Casada e m\u00e3e de tr\u00eas filhos, ela se dedicava com amor \u00e0 maternidade, inclusive ao ca\u00e7ula de apenas 10 meses, que ela ainda amamentava.<\/strong><\/p>\n\n\n\n<p>A hist\u00f3ria de Josi \u00e9 marcada por uma triste coincid\u00eancia. Um irm\u00e3o dela tamb\u00e9m perdeu a vida em um acidente de tr\u00e2nsito na mesma BR-476, pr\u00f3ximo ao trecho conhecido como Carazinho h\u00e1 18 anos.&nbsp; A trag\u00e9dia que atingiu a fam\u00edlia Lewandowski refor\u00e7a o apelo por mais seguran\u00e7a nas estradas da regi\u00e3o.<\/p>\n\n\n\n<p>No pr\u00f3ximo dia 18 de janeiro, Josi celebraria mais um anivers\u00e1rio.<\/p>\n\n\n\n<figure class=\"wp-block-image size-full\"><img decoding=\"async\" src=\"https:\/\/radiostudiow.com.br\/site\/wp-content\/uploads\/2024\/04\/image-45.png\" alt=\"\" class=\"wp-image-21394\"\/><\/figure>\n\n\n\n<h3 class=\"wp-block-heading\"><strong>Despedida de Josi<\/strong><\/h3>\n\n\n\n<p>Informa\u00e7\u00f5es sobre a cerim\u00f4nia de despedida ainda est\u00e3o sendo organizadas. O corpo foi transladado para o Instituto M\u00e9dico Legal (IML) de Pato Branco, j\u00e1 que o IML de Uni\u00e3o da Vit\u00f3ria est\u00e1 sem m\u00e9dico legista nesta quinta-feira (9). O vel\u00f3rio acontecer\u00e1 na casa dos pais de Josi, na localidade de Palmital do Jararaca, em Paula Freitas.<\/p>\n\n\n\n<p><strong><em>As informa\u00e7\u00f5es s\u00e3o do Portal VVale<\/em><\/strong><\/p>\n","protected":false},"excerpt":{"rendered":"<p>Josiane Aparecida Lewandowski, conhecida carinhosamente como Josi,&nbsp;era moradora da localidade de Rondinha em Paula Freitas e deixou um legado de amor, determina\u00e7\u00e3o e alegria. Aos 35 anos,\u00a0Josi perdeu a vida tragicamente na noite desta quarta-feira (8), em um acidente na BR-476, que chocou a comunidade local. Josi era uma mulher de fibra, conhecida por sua [&hellip;]<\/p>\n","protected":false},"author":2,"featured_media":32689,"comment_status":"open","ping_status":"open","sticky":false,"template":"","format":"standard","meta":{"footnotes":""},"categories":[185],"tags":[172],"class_list":["post-32688","post","type-post","status-publish","format-standard","has-post-thumbnail","hentry","category-regional","tag-featured"],"amp_enabled":true,"_links":{"self":[{"href":"https:\/\/radiostudiow.com.br\/site\/wp-json\/wp\/v2\/posts\/32688","targetHints":{"allow":["GET"]}}],"collection":[{"href":"https:\/\/radiostudiow.com.br\/site\/wp-json\/wp\/v2\/posts"}],"about":[{"href":"https:\/\/radiostudiow.com.br\/site\/wp-json\/wp\/v2\/types\/post"}],"author":[{"embeddable":true,"href":"https:\/\/radiostudiow.com.br\/site\/wp-json\/wp\/v2\/users\/2"}],"replies":[{"embeddable":true,"href":"https:\/\/radiostudiow.com.br\/site\/wp-json\/wp\/v2\/comments?post=32688"}],"version-history":[{"count":4,"href":"https:\/\/radiostudiow.com.br\/site\/wp-json\/wp\/v2\/posts\/32688\/revisions"}],"predecessor-version":[{"id":32695,"href":"https:\/\/radiostudiow.com.br\/site\/wp-json\/wp\/v2\/posts\/32688\/revisions\/32695"}],"wp:featuredmedia":[{"embeddable":true,"href":"https:\/\/radiostudiow.com.br\/site\/wp-json\/wp\/v2\/media\/32689"}],"wp:attachment":[{"href":"https:\/\/radiostudiow.com.br\/site\/wp-json\/wp\/v2\/media?parent=32688"}],"wp:term":[{"taxonomy":"category","embeddable":true,"href":"https:\/\/radiostudiow.com.br\/site\/wp-json\/wp\/v2\/categories?post=32688"},{"taxonomy":"post_tag","embeddable":true,"href":"https:\/\/radiostudiow.com.br\/site\/wp-json\/wp\/v2\/tags?post=32688"}],"curies":[{"name":"wp","href":"https:\/\/api.w.org\/{rel}","templated":true}]}}