{"id":32696,"date":"2025-01-09T11:41:31","date_gmt":"2025-01-09T14:41:31","guid":{"rendered":"https:\/\/radiostudiow.com.br\/site\/?p=32696"},"modified":"2025-01-31T14:57:59","modified_gmt":"2025-01-31T17:57:59","slug":"der-executa-reparos-na-pr-151-no-trecho-de-sao-mateus-do-sul-a-tres-barras","status":"publish","type":"post","link":"https:\/\/radiostudiow.com.br\/site\/2025\/01\/09\/der-executa-reparos-na-pr-151-no-trecho-de-sao-mateus-do-sul-a-tres-barras\/","title":{"rendered":"DER executa reparos na PR-151 no trecho de S\u00e3o Mateus do Sul a Tr\u00eas Barras"},"content":{"rendered":"\n<p>Nesta semana a RDX trouxe a p\u00fablico uma reportagem destacando a\u00a0situa\u00e7\u00e3o de buracos na PR-151 que estava preocupando quem trafega de S\u00e3o Mateus do Sul em dire\u00e7\u00e3o a Tr\u00eas Barras. Na tarde de quarta-feira (8), a reportagem foi informada que o trecho passou por obras e que uma a\u00e7\u00e3o de tapa-buracos foi feita no trecho.<\/p>\n\n\n\n<figure class=\"wp-block-image size-full\"><img decoding=\"async\" src=\"https:\/\/radiostudiow.com.br\/site\/wp-content\/uploads\/2024\/04\/prop-peq.gif\" alt=\"\" class=\"wp-image-21978\"\/><\/figure>\n\n\n\n<h2 class=\"wp-block-heading\"><strong>Divulga\u00e7\u00e3o do caso<\/strong><\/h2>\n\n\n\n<p>Na reportagem de divulga\u00e7\u00e3o das condi\u00e7\u00f5es da rodovia, a RDX trouxe um desabafo de uma moradora que passa diariamente pelo trecho que estava cheio de buracos.<\/p>\n\n\n\n<p>\u201cMinha reclama\u00e7\u00e3o \u00e9 em nome de todos que usam o asfalto de S\u00e3o Mateus a Tr\u00eas Barra. Do cemit\u00e9rio de S\u00e3o Miguel da Roseira at\u00e9 a Rota, est\u00e1 virado s\u00f3 em buraco. Em dias de dia chuva enche de \u00e1gua e o pessoal n\u00e3o percebe que \u00e9 buraco. Esses dias eu vi um caminh\u00e3o que quase bateu num carro para desviar daqueles buracos porque n\u00e3o \u00e9 buraco, \u00e9 \u2018<em>gamela<\/em>\u2018. Depois que acontece um acidente, da\u00ed n\u00e3o adianta chorar pelo leite derramado. Ent\u00e3o o pedido \u00e9 que venham dar uma olhada ali, melhorar para o pessoal que trabalha na cidade, vai todo dia ali, est\u00e1 bem perigoso o trecho\u201d, disse uma moradora que prefere n\u00e3o se identificar.<\/p>\n\n\n\n<figure class=\"wp-block-image size-full\"><img decoding=\"async\" src=\"https:\/\/radiostudiow.com.br\/site\/wp-content\/uploads\/2024\/04\/image-45.png\" alt=\"\" class=\"wp-image-21394\"\/><\/figure>\n\n\n\n<p>p\u00f3s a publica\u00e7\u00e3o, mais pessoas comentaram sobre o trecho. \u201cEu moro nessa regi\u00e3o, e todos os dias para um ou dois carros no recuo da entrada de nossa casa pra trocar pneu, isso quando \u00e9 s\u00f3 o pneu\u2026 Sem contar que ali \u00e9 uma regi\u00e3o com bastante moradores que costumam fazer locomo\u00e7\u00e3o de bicicleta pela rodovia. Precisa urgente ser resolvido pra que n\u00e3o aconte\u00e7a algo pior\u201d, desabafou.<\/p>\n\n\n\n<figure class=\"wp-block-image size-full\"><img loading=\"lazy\" decoding=\"async\" width=\"1024\" height=\"538\" src=\"https:\/\/radiostudiow.com.br\/site\/wp-content\/uploads\/2025\/01\/image-49.png\" alt=\"\" class=\"wp-image-32697\" srcset=\"https:\/\/radiostudiow.com.br\/site\/wp-content\/uploads\/2025\/01\/image-49.png 1024w, https:\/\/radiostudiow.com.br\/site\/wp-content\/uploads\/2025\/01\/image-49-300x158.png 300w, https:\/\/radiostudiow.com.br\/site\/wp-content\/uploads\/2025\/01\/image-49-768x404.png 768w\" sizes=\"auto, (max-width: 1024px) 100vw, 1024px\" \/><figcaption class=\"wp-element-caption\"><em>PORTAL RDX<\/em><\/figcaption><\/figure>\n\n\n\n<figure class=\"wp-block-image size-full\"><img loading=\"lazy\" decoding=\"async\" width=\"1024\" height=\"538\" src=\"https:\/\/radiostudiow.com.br\/site\/wp-content\/uploads\/2025\/01\/image-50.png\" alt=\"\" class=\"wp-image-32698\" srcset=\"https:\/\/radiostudiow.com.br\/site\/wp-content\/uploads\/2025\/01\/image-50.png 1024w, https:\/\/radiostudiow.com.br\/site\/wp-content\/uploads\/2025\/01\/image-50-300x158.png 300w, https:\/\/radiostudiow.com.br\/site\/wp-content\/uploads\/2025\/01\/image-50-768x404.png 768w\" sizes=\"auto, (max-width: 1024px) 100vw, 1024px\" \/><figcaption class=\"wp-element-caption\"><em>PORTAL RDX<\/em><\/figcaption><\/figure>\n\n\n\n<figure class=\"wp-block-image size-full\"><img loading=\"lazy\" decoding=\"async\" width=\"1024\" height=\"538\" src=\"https:\/\/radiostudiow.com.br\/site\/wp-content\/uploads\/2025\/01\/image-51.png\" alt=\"\" class=\"wp-image-32699\" srcset=\"https:\/\/radiostudiow.com.br\/site\/wp-content\/uploads\/2025\/01\/image-51.png 1024w, https:\/\/radiostudiow.com.br\/site\/wp-content\/uploads\/2025\/01\/image-51-300x158.png 300w, https:\/\/radiostudiow.com.br\/site\/wp-content\/uploads\/2025\/01\/image-51-768x404.png 768w\" sizes=\"auto, (max-width: 1024px) 100vw, 1024px\" \/><figcaption class=\"wp-element-caption\"><em>PORTAL RDX<\/em><\/figcaption><\/figure>\n\n\n\n<figure class=\"wp-block-image size-full\"><img loading=\"lazy\" decoding=\"async\" width=\"1024\" height=\"768\" src=\"https:\/\/radiostudiow.com.br\/site\/wp-content\/uploads\/2025\/01\/image-52.png\" alt=\"\" class=\"wp-image-32700\" srcset=\"https:\/\/radiostudiow.com.br\/site\/wp-content\/uploads\/2025\/01\/image-52.png 1024w, https:\/\/radiostudiow.com.br\/site\/wp-content\/uploads\/2025\/01\/image-52-300x225.png 300w, https:\/\/radiostudiow.com.br\/site\/wp-content\/uploads\/2025\/01\/image-52-768x576.png 768w\" sizes=\"auto, (max-width: 1024px) 100vw, 1024px\" \/><figcaption class=\"wp-element-caption\"><em>PORTAL RDX<\/em><\/figcaption><\/figure>\n","protected":false},"excerpt":{"rendered":"<p>Nesta semana a RDX trouxe a p\u00fablico uma reportagem destacando a\u00a0situa\u00e7\u00e3o de buracos na PR-151 que estava preocupando quem trafega de S\u00e3o Mateus do Sul em dire\u00e7\u00e3o a Tr\u00eas Barras. Na tarde de quarta-feira (8), a reportagem foi informada que o trecho passou por obras e que uma a\u00e7\u00e3o de tapa-buracos foi feita no trecho. [&hellip;]<\/p>\n","protected":false},"author":2,"featured_media":32701,"comment_status":"open","ping_status":"open","sticky":false,"template":"","format":"standard","meta":{"footnotes":""},"categories":[185],"tags":[172],"class_list":["post-32696","post","type-post","status-publish","format-standard","has-post-thumbnail","hentry","category-regional","tag-featured"],"amp_enabled":true,"_links":{"self":[{"href":"https:\/\/radiostudiow.com.br\/site\/wp-json\/wp\/v2\/posts\/32696","targetHints":{"allow":["GET"]}}],"collection":[{"href":"https:\/\/radiostudiow.com.br\/site\/wp-json\/wp\/v2\/posts"}],"about":[{"href":"https:\/\/radiostudiow.com.br\/site\/wp-json\/wp\/v2\/types\/post"}],"author":[{"embeddable":true,"href":"https:\/\/radiostudiow.com.br\/site\/wp-json\/wp\/v2\/users\/2"}],"replies":[{"embeddable":true,"href":"https:\/\/radiostudiow.com.br\/site\/wp-json\/wp\/v2\/comments?post=32696"}],"version-history":[{"count":1,"href":"https:\/\/radiostudiow.com.br\/site\/wp-json\/wp\/v2\/posts\/32696\/revisions"}],"predecessor-version":[{"id":32702,"href":"https:\/\/radiostudiow.com.br\/site\/wp-json\/wp\/v2\/posts\/32696\/revisions\/32702"}],"wp:featuredmedia":[{"embeddable":true,"href":"https:\/\/radiostudiow.com.br\/site\/wp-json\/wp\/v2\/media\/32701"}],"wp:attachment":[{"href":"https:\/\/radiostudiow.com.br\/site\/wp-json\/wp\/v2\/media?parent=32696"}],"wp:term":[{"taxonomy":"category","embeddable":true,"href":"https:\/\/radiostudiow.com.br\/site\/wp-json\/wp\/v2\/categories?post=32696"},{"taxonomy":"post_tag","embeddable":true,"href":"https:\/\/radiostudiow.com.br\/site\/wp-json\/wp\/v2\/tags?post=32696"}],"curies":[{"name":"wp","href":"https:\/\/api.w.org\/{rel}","templated":true}]}}