{"id":32712,"date":"2025-01-09T20:57:36","date_gmt":"2025-01-09T23:57:36","guid":{"rendered":"https:\/\/radiostudiow.com.br\/site\/?p=32712"},"modified":"2025-01-31T14:57:59","modified_gmt":"2025-01-31T17:57:59","slug":"homens-sao-presos-por-posse-de-droga-em-uniao-da-vitoria","status":"publish","type":"post","link":"https:\/\/radiostudiow.com.br\/site\/2025\/01\/09\/homens-sao-presos-por-posse-de-droga-em-uniao-da-vitoria\/","title":{"rendered":"Homens s\u00e3o presos por posse de droga em Uni\u00e3o da Vit\u00f3ria"},"content":{"rendered":"\n<p>Em patrulhamento da equipe da Pol\u00edcia Militar pelo bairro Rio da Areia em Uni\u00e3o da Vit\u00f3ria por volta das 20:36 horas dessa quarta-feira, 08 de janeiro, foi apreendido drogas.<\/p>\n\n\n\n<figure class=\"wp-block-image size-full\"><img loading=\"lazy\" decoding=\"async\" width=\"598\" height=\"204\" src=\"https:\/\/radiostudiow.com.br\/site\/wp-content\/uploads\/2024\/04\/image-39.png\" alt=\"\" class=\"wp-image-21311\" srcset=\"https:\/\/radiostudiow.com.br\/site\/wp-content\/uploads\/2024\/04\/image-39.png 598w, https:\/\/radiostudiow.com.br\/site\/wp-content\/uploads\/2024\/04\/image-39-300x102.png 300w\" sizes=\"auto, (max-width: 598px) 100vw, 598px\" \/><\/figure>\n\n\n\n<p>Os policiais realizaram a abordagem a um ve\u00edculo VW Santana na cor vermelha, com dois homens no interior, na busca pessoal nada de il\u00edcito foi localizado com os abordados, por\u00e9m, ao realizarmos busca veicular foi localizado embaixo do banco do passageiro, um inv\u00f3lucro pl\u00e1stico contendo certa quantidade de &#8220;maconha&#8221;.<\/p>\n\n\n\n<p>Diante da situa\u00e7\u00e3o os envolvidos juntamente com a droga foram apresentados na 4\u00b0 S.D.P. para aprecia\u00e7\u00e3o de pol\u00edcia judici\u00e1ria.<\/p>\n","protected":false},"excerpt":{"rendered":"<p>Em patrulhamento da equipe da Pol\u00edcia Militar pelo bairro Rio da Areia em Uni\u00e3o da Vit\u00f3ria por volta das 20:36 horas dessa quarta-feira, 08 de janeiro, foi apreendido drogas. Os policiais realizaram a abordagem a um ve\u00edculo VW Santana na cor vermelha, com dois homens no interior, na busca pessoal nada de il\u00edcito foi localizado [&hellip;]<\/p>\n","protected":false},"author":2,"featured_media":32722,"comment_status":"open","ping_status":"open","sticky":false,"template":"","format":"standard","meta":{"footnotes":""},"categories":[2],"tags":[172],"class_list":["post-32712","post","type-post","status-publish","format-standard","has-post-thumbnail","hentry","category-policial","tag-featured"],"amp_enabled":true,"_links":{"self":[{"href":"https:\/\/radiostudiow.com.br\/site\/wp-json\/wp\/v2\/posts\/32712","targetHints":{"allow":["GET"]}}],"collection":[{"href":"https:\/\/radiostudiow.com.br\/site\/wp-json\/wp\/v2\/posts"}],"about":[{"href":"https:\/\/radiostudiow.com.br\/site\/wp-json\/wp\/v2\/types\/post"}],"author":[{"embeddable":true,"href":"https:\/\/radiostudiow.com.br\/site\/wp-json\/wp\/v2\/users\/2"}],"replies":[{"embeddable":true,"href":"https:\/\/radiostudiow.com.br\/site\/wp-json\/wp\/v2\/comments?post=32712"}],"version-history":[{"count":2,"href":"https:\/\/radiostudiow.com.br\/site\/wp-json\/wp\/v2\/posts\/32712\/revisions"}],"predecessor-version":[{"id":32723,"href":"https:\/\/radiostudiow.com.br\/site\/wp-json\/wp\/v2\/posts\/32712\/revisions\/32723"}],"wp:featuredmedia":[{"embeddable":true,"href":"https:\/\/radiostudiow.com.br\/site\/wp-json\/wp\/v2\/media\/32722"}],"wp:attachment":[{"href":"https:\/\/radiostudiow.com.br\/site\/wp-json\/wp\/v2\/media?parent=32712"}],"wp:term":[{"taxonomy":"category","embeddable":true,"href":"https:\/\/radiostudiow.com.br\/site\/wp-json\/wp\/v2\/categories?post=32712"},{"taxonomy":"post_tag","embeddable":true,"href":"https:\/\/radiostudiow.com.br\/site\/wp-json\/wp\/v2\/tags?post=32712"}],"curies":[{"name":"wp","href":"https:\/\/api.w.org\/{rel}","templated":true}]}}