{"id":32732,"date":"2025-01-10T09:29:50","date_gmt":"2025-01-10T12:29:50","guid":{"rendered":"https:\/\/radiostudiow.com.br\/site\/?p=32732"},"modified":"2025-01-31T14:57:58","modified_gmt":"2025-01-31T17:57:58","slug":"motorista-fica-preso-nas-ferragens-apos-caminhao-tombar-na-br-476-entre-sao-mateus-do-sul-e-lapa","status":"publish","type":"post","link":"https:\/\/radiostudiow.com.br\/site\/2025\/01\/10\/motorista-fica-preso-nas-ferragens-apos-caminhao-tombar-na-br-476-entre-sao-mateus-do-sul-e-lapa\/","title":{"rendered":"Motorista fica preso nas ferragens ap\u00f3s caminh\u00e3o tombar na BR-476 entre S\u00e3o Mateus do Sul e Lapa"},"content":{"rendered":"\n<p>No in\u00edcio da tarde desta quinta-feira, 09 de Janeiro, um acidente envolvendo a sa\u00edda de pista e o tombamento de um caminh\u00e3o ba\u00fa foi registrado no km 247 da BR-476, no trecho entre S\u00e3o Mateus do Sul e Lapa.<\/p>\n\n\n\n<figure class=\"wp-block-image size-full\"><img decoding=\"async\" src=\"https:\/\/radiostudiow.com.br\/site\/wp-content\/uploads\/2024\/04\/image-45.png\" alt=\"\" class=\"wp-image-21394\"\/><\/figure>\n\n\n\n<p>Equipes do Corpo de Bombeiros de S\u00e3o Mateus do Sul e do SAMU foram acionadas para o atendimento.<\/p>\n\n\n\n<p>No local, constataram que o motorista do caminh\u00e3o estava preso nas ferragens. Ap\u00f3s um trabalho minucioso de desencarceramento, a v\u00edtima foi resgatada com sucesso e encaminhada ao Pronto-Socorro Municipal de S\u00e3o Mateus do Sul.<\/p>\n\n\n\n<figure class=\"wp-block-image size-large\"><img decoding=\"async\" src=\"https:\/\/radiostudiow.com.br\/site\/wp-content\/uploads\/2024\/12\/unnamed-file-1024x379.png\" alt=\"\" class=\"wp-image-32295\"\/><\/figure>\n\n\n\n<p>Informa\u00e7\u00f5es preliminares indicam que o motorista perdeu o controle do ve\u00edculo ao fazer uma curva, resultando na sa\u00edda de pista e no tombamento.<\/p>\n\n\n\n<p>A Pol\u00edcia Rodovi\u00e1ria Federal (PRF) tamb\u00e9m esteve no local para auxiliar no atendimento e realizar a investiga\u00e7\u00e3o das poss\u00edveis causas do acidente.<\/p>\n","protected":false},"excerpt":{"rendered":"<p>No in\u00edcio da tarde desta quinta-feira, 09 de Janeiro, um acidente envolvendo a sa\u00edda de pista e o tombamento de um caminh\u00e3o ba\u00fa foi registrado no km 247 da BR-476, no trecho entre S\u00e3o Mateus do Sul e Lapa. Equipes do Corpo de Bombeiros de S\u00e3o Mateus do Sul e do SAMU foram acionadas para [&hellip;]<\/p>\n","protected":false},"author":2,"featured_media":32733,"comment_status":"open","ping_status":"open","sticky":false,"template":"","format":"standard","meta":{"footnotes":""},"categories":[185],"tags":[172],"class_list":["post-32732","post","type-post","status-publish","format-standard","has-post-thumbnail","hentry","category-regional","tag-featured"],"amp_enabled":true,"_links":{"self":[{"href":"https:\/\/radiostudiow.com.br\/site\/wp-json\/wp\/v2\/posts\/32732","targetHints":{"allow":["GET"]}}],"collection":[{"href":"https:\/\/radiostudiow.com.br\/site\/wp-json\/wp\/v2\/posts"}],"about":[{"href":"https:\/\/radiostudiow.com.br\/site\/wp-json\/wp\/v2\/types\/post"}],"author":[{"embeddable":true,"href":"https:\/\/radiostudiow.com.br\/site\/wp-json\/wp\/v2\/users\/2"}],"replies":[{"embeddable":true,"href":"https:\/\/radiostudiow.com.br\/site\/wp-json\/wp\/v2\/comments?post=32732"}],"version-history":[{"count":1,"href":"https:\/\/radiostudiow.com.br\/site\/wp-json\/wp\/v2\/posts\/32732\/revisions"}],"predecessor-version":[{"id":32734,"href":"https:\/\/radiostudiow.com.br\/site\/wp-json\/wp\/v2\/posts\/32732\/revisions\/32734"}],"wp:featuredmedia":[{"embeddable":true,"href":"https:\/\/radiostudiow.com.br\/site\/wp-json\/wp\/v2\/media\/32733"}],"wp:attachment":[{"href":"https:\/\/radiostudiow.com.br\/site\/wp-json\/wp\/v2\/media?parent=32732"}],"wp:term":[{"taxonomy":"category","embeddable":true,"href":"https:\/\/radiostudiow.com.br\/site\/wp-json\/wp\/v2\/categories?post=32732"},{"taxonomy":"post_tag","embeddable":true,"href":"https:\/\/radiostudiow.com.br\/site\/wp-json\/wp\/v2\/tags?post=32732"}],"curies":[{"name":"wp","href":"https:\/\/api.w.org\/{rel}","templated":true}]}}