{"id":32735,"date":"2025-01-10T09:32:01","date_gmt":"2025-01-10T12:32:01","guid":{"rendered":"https:\/\/radiostudiow.com.br\/site\/?p=32735"},"modified":"2025-01-31T14:57:58","modified_gmt":"2025-01-31T17:57:58","slug":"policia-militar-de-uniao-da-vitoria-prende-homem-com-veiculo-furtado","status":"publish","type":"post","link":"https:\/\/radiostudiow.com.br\/site\/2025\/01\/10\/policia-militar-de-uniao-da-vitoria-prende-homem-com-veiculo-furtado\/","title":{"rendered":"Pol\u00edcia Militar de Uni\u00e3o da Vit\u00f3ria prende homem com ve\u00edculo furtado"},"content":{"rendered":"\n<p>A equipe da Pol\u00edcia Militar de Uni\u00e3o da Vit\u00f3ria recebeu den\u00fancias sobre um ve\u00edculo com alerta de furto que havia sa\u00eddo de Uni\u00e3o da Vit\u00f3ria e seguia em dire\u00e7\u00e3o a Cruz Machado por volta das 13:25 horas dessa quinta-feira (09).<\/p>\n\n\n\n<figure class=\"wp-block-image size-full\"><img loading=\"lazy\" decoding=\"async\" width=\"598\" height=\"204\" src=\"https:\/\/radiostudiow.com.br\/site\/wp-content\/uploads\/2024\/12\/image-95.png\" alt=\"\" class=\"wp-image-31919\" srcset=\"https:\/\/radiostudiow.com.br\/site\/wp-content\/uploads\/2024\/12\/image-95.png 598w, https:\/\/radiostudiow.com.br\/site\/wp-content\/uploads\/2024\/12\/image-95-300x102.png 300w\" sizes=\"auto, (max-width: 598px) 100vw, 598px\" \/><\/figure>\n\n\n\n<p>Durante patrulhamento, a equipe avistou o ve\u00edculo suspeito e, ao realizar a abordagem, confirmou-se que o autom\u00f3vel realmente havia sido furtado. O condutor foi detido e encaminhado \u00e0 4\u00aa SDP de Uni\u00e3o da Vit\u00f3ria para as provid\u00eancias legais.<\/p>\n\n\n\n<p><a href=\"mailto:?subject=Pol%C3%ADcia%20prende%20homem%20com%20ve%C3%ADculo%20furtado&amp;body=https:\/\/www.vvale.com.br\/seguranca\/policia-prende-homem-com-veiculo-furtado\/\" target=\"_blank\" rel=\"noreferrer noopener\"><\/a><\/p>\n","protected":false},"excerpt":{"rendered":"<p>A equipe da Pol\u00edcia Militar de Uni\u00e3o da Vit\u00f3ria recebeu den\u00fancias sobre um ve\u00edculo com alerta de furto que havia sa\u00eddo de Uni\u00e3o da Vit\u00f3ria e seguia em dire\u00e7\u00e3o a Cruz Machado por volta das 13:25 horas dessa quinta-feira (09). Durante patrulhamento, a equipe avistou o ve\u00edculo suspeito e, ao realizar a abordagem, confirmou-se que [&hellip;]<\/p>\n","protected":false},"author":2,"featured_media":32736,"comment_status":"open","ping_status":"open","sticky":false,"template":"","format":"standard","meta":{"footnotes":""},"categories":[2],"tags":[172],"class_list":["post-32735","post","type-post","status-publish","format-standard","has-post-thumbnail","hentry","category-policial","tag-featured"],"amp_enabled":true,"_links":{"self":[{"href":"https:\/\/radiostudiow.com.br\/site\/wp-json\/wp\/v2\/posts\/32735","targetHints":{"allow":["GET"]}}],"collection":[{"href":"https:\/\/radiostudiow.com.br\/site\/wp-json\/wp\/v2\/posts"}],"about":[{"href":"https:\/\/radiostudiow.com.br\/site\/wp-json\/wp\/v2\/types\/post"}],"author":[{"embeddable":true,"href":"https:\/\/radiostudiow.com.br\/site\/wp-json\/wp\/v2\/users\/2"}],"replies":[{"embeddable":true,"href":"https:\/\/radiostudiow.com.br\/site\/wp-json\/wp\/v2\/comments?post=32735"}],"version-history":[{"count":1,"href":"https:\/\/radiostudiow.com.br\/site\/wp-json\/wp\/v2\/posts\/32735\/revisions"}],"predecessor-version":[{"id":32737,"href":"https:\/\/radiostudiow.com.br\/site\/wp-json\/wp\/v2\/posts\/32735\/revisions\/32737"}],"wp:featuredmedia":[{"embeddable":true,"href":"https:\/\/radiostudiow.com.br\/site\/wp-json\/wp\/v2\/media\/32736"}],"wp:attachment":[{"href":"https:\/\/radiostudiow.com.br\/site\/wp-json\/wp\/v2\/media?parent=32735"}],"wp:term":[{"taxonomy":"category","embeddable":true,"href":"https:\/\/radiostudiow.com.br\/site\/wp-json\/wp\/v2\/categories?post=32735"},{"taxonomy":"post_tag","embeddable":true,"href":"https:\/\/radiostudiow.com.br\/site\/wp-json\/wp\/v2\/tags?post=32735"}],"curies":[{"name":"wp","href":"https:\/\/api.w.org\/{rel}","templated":true}]}}