{"id":32739,"date":"2025-01-10T09:37:27","date_gmt":"2025-01-10T12:37:27","guid":{"rendered":"https:\/\/radiostudiow.com.br\/site\/?p=32739"},"modified":"2025-01-31T14:57:58","modified_gmt":"2025-01-31T17:57:58","slug":"homem-e-preso-acusado-de-contrabando-e-descaminho-em-irati","status":"publish","type":"post","link":"https:\/\/radiostudiow.com.br\/site\/2025\/01\/10\/homem-e-preso-acusado-de-contrabando-e-descaminho-em-irati\/","title":{"rendered":"Homem \u00e9 preso acusado de contrabando e descaminho em Irati"},"content":{"rendered":"\n<p><em>Foi repassado para a imprensa nessa sexta-feira, 10 de janeiro, uma situa\u00e7\u00e3o de pris\u00e3o por cumprimento de mandado de busca e apreens\u00e3o de contrabando e descaminho em Irati.<\/em><\/p>\n\n\n\n<figure class=\"wp-block-image size-full\"><img loading=\"lazy\" decoding=\"async\" width=\"897\" height=\"204\" src=\"https:\/\/radiostudiow.com.br\/site\/wp-content\/uploads\/2024\/04\/image-15.png\" alt=\"\" class=\"wp-image-21199\" srcset=\"https:\/\/radiostudiow.com.br\/site\/wp-content\/uploads\/2024\/04\/image-15.png 897w, https:\/\/radiostudiow.com.br\/site\/wp-content\/uploads\/2024\/04\/image-15-300x68.png 300w, https:\/\/radiostudiow.com.br\/site\/wp-content\/uploads\/2024\/04\/image-15-768x175.png 768w\" sizes=\"auto, (max-width: 897px) 100vw, 897px\" \/><\/figure>\n\n\n\n<p>A equipe Pol\u00edcia Civil, atrav\u00e9s da 41\u00aa Delegacia Regional de Pol\u00edcia Civil de Irati, prendeu em flagrante durante o cumprimento de mandado de busca e apreens\u00e3o de um homem, de 36 anos, pelos crimes de contrabando de cigarros eletr\u00f4nicos e descaminho de eletr\u00f4nicos (smartphones), bebidas e pe\u00e7as de vestu\u00e1rio na manh\u00e3 desta quarta-feira (08).<\/p>\n\n\n\n<p>O objetivo inicial do cumprimento do mandado de busca e apreens\u00e3o era a apreens\u00e3o de armas de fogo supostamente de propriedade do indiv\u00edduo. Durante as dilig\u00eancias, foi encontrada grande quantidade de mercadoria oriunda do estrangeiro sem o devido desembara\u00e7o aduaneiro e com n\u00edtida destina\u00e7\u00e3o comercial, tanto pela quantidade de produtos quanto pelas demais circunst\u00e2ncias, produtos os quais o indiv\u00edduo teria acabado de trazer de viagem. A apreens\u00e3o foi avaliada em aproximadamente R$30.000,00.<\/p>\n\n\n\n<figure class=\"wp-block-image size-full\"><img loading=\"lazy\" decoding=\"async\" width=\"897\" height=\"204\" src=\"https:\/\/radiostudiow.com.br\/site\/wp-content\/uploads\/2024\/12\/SEPAC.png\" alt=\"\" class=\"wp-image-32250\" srcset=\"https:\/\/radiostudiow.com.br\/site\/wp-content\/uploads\/2024\/12\/SEPAC.png 897w, https:\/\/radiostudiow.com.br\/site\/wp-content\/uploads\/2024\/12\/SEPAC-300x68.png 300w, https:\/\/radiostudiow.com.br\/site\/wp-content\/uploads\/2024\/12\/SEPAC-768x175.png 768w\" sizes=\"auto, (max-width: 897px) 100vw, 897px\" \/><\/figure>\n\n\n\n<p>Preso em flagrante, foi conduzido at\u00e9 a Delegacia de Pol\u00edcia Federal de Ponta Grossa, local em que foi autuado em flagrante pelo crime de contrabando, n\u00e3o tendo sido fixada fian\u00e7a.<\/p>\n\n\n\n<p>A PCPR solicita a colabora\u00e7\u00e3o da popula\u00e7\u00e3o com informa\u00e7\u00f5es que auxiliem na preven\u00e7\u00e3o e apura\u00e7\u00e3o aos crimes de contrabando e descaminho. As den\u00fancias pode ser feitas de forma an\u00f4nima pelos n\u00fameros 197 e 181.<\/p>\n\n\n\n<p><em>Com informa\u00e7\u00f5es da Pol\u00edcia Civil.<\/em><\/p>\n","protected":false},"excerpt":{"rendered":"<p>Foi repassado para a imprensa nessa sexta-feira, 10 de janeiro, uma situa\u00e7\u00e3o de pris\u00e3o por cumprimento de mandado de busca e apreens\u00e3o de contrabando e descaminho em Irati. A equipe Pol\u00edcia Civil, atrav\u00e9s da 41\u00aa Delegacia Regional de Pol\u00edcia Civil de Irati, prendeu em flagrante durante o cumprimento de mandado de busca e apreens\u00e3o de [&hellip;]<\/p>\n","protected":false},"author":2,"featured_media":32740,"comment_status":"open","ping_status":"open","sticky":false,"template":"","format":"standard","meta":{"footnotes":""},"categories":[2],"tags":[172],"class_list":["post-32739","post","type-post","status-publish","format-standard","has-post-thumbnail","hentry","category-policial","tag-featured"],"amp_enabled":true,"_links":{"self":[{"href":"https:\/\/radiostudiow.com.br\/site\/wp-json\/wp\/v2\/posts\/32739","targetHints":{"allow":["GET"]}}],"collection":[{"href":"https:\/\/radiostudiow.com.br\/site\/wp-json\/wp\/v2\/posts"}],"about":[{"href":"https:\/\/radiostudiow.com.br\/site\/wp-json\/wp\/v2\/types\/post"}],"author":[{"embeddable":true,"href":"https:\/\/radiostudiow.com.br\/site\/wp-json\/wp\/v2\/users\/2"}],"replies":[{"embeddable":true,"href":"https:\/\/radiostudiow.com.br\/site\/wp-json\/wp\/v2\/comments?post=32739"}],"version-history":[{"count":1,"href":"https:\/\/radiostudiow.com.br\/site\/wp-json\/wp\/v2\/posts\/32739\/revisions"}],"predecessor-version":[{"id":32741,"href":"https:\/\/radiostudiow.com.br\/site\/wp-json\/wp\/v2\/posts\/32739\/revisions\/32741"}],"wp:featuredmedia":[{"embeddable":true,"href":"https:\/\/radiostudiow.com.br\/site\/wp-json\/wp\/v2\/media\/32740"}],"wp:attachment":[{"href":"https:\/\/radiostudiow.com.br\/site\/wp-json\/wp\/v2\/media?parent=32739"}],"wp:term":[{"taxonomy":"category","embeddable":true,"href":"https:\/\/radiostudiow.com.br\/site\/wp-json\/wp\/v2\/categories?post=32739"},{"taxonomy":"post_tag","embeddable":true,"href":"https:\/\/radiostudiow.com.br\/site\/wp-json\/wp\/v2\/tags?post=32739"}],"curies":[{"name":"wp","href":"https:\/\/api.w.org\/{rel}","templated":true}]}}