{"id":32742,"date":"2025-01-10T09:41:12","date_gmt":"2025-01-10T12:41:12","guid":{"rendered":"https:\/\/radiostudiow.com.br\/site\/?p=32742"},"modified":"2025-01-31T14:57:58","modified_gmt":"2025-01-31T17:57:58","slug":"capotamento-na-br-153-mobiliza-equipes-de-socorro-em-general-carneiro","status":"publish","type":"post","link":"https:\/\/radiostudiow.com.br\/site\/2025\/01\/10\/capotamento-na-br-153-mobiliza-equipes-de-socorro-em-general-carneiro\/","title":{"rendered":"Capotamento na BR-153 mobiliza equipes de socorro em General Carneiro"},"content":{"rendered":"\n<p>Um capotamento foi registrado pr\u00f3ximo ao Bul\u00e3o, pr\u00f3ximo a entrade de \u00c1gua Doce, na BR-153 na cidade de General Carneiro na tarde desta quinta-feira (08).<\/p>\n\n\n\n<p>O acidente mobilizou equipes do Corpo de Bombeiros de \u00c1gua Doce e do SAMU de Joa\u00e7aba, que rapidamente se deslocaram ao local para prestar atendimento \u00e0s v\u00edtimas.<\/p>\n\n\n\n<figure class=\"wp-block-image size-full\"><img loading=\"lazy\" decoding=\"async\" width=\"897\" height=\"204\" src=\"https:\/\/radiostudiow.com.br\/site\/wp-content\/uploads\/2024\/04\/image-19.png\" alt=\"\" class=\"wp-image-21212\" srcset=\"https:\/\/radiostudiow.com.br\/site\/wp-content\/uploads\/2024\/04\/image-19.png 897w, https:\/\/radiostudiow.com.br\/site\/wp-content\/uploads\/2024\/04\/image-19-300x68.png 300w, https:\/\/radiostudiow.com.br\/site\/wp-content\/uploads\/2024\/04\/image-19-768x175.png 768w\" sizes=\"auto, (max-width: 897px) 100vw, 897px\" \/><\/figure>\n\n\n\n<p>Segundo informa\u00e7\u00f5es preliminares, o ve\u00edculo capotou ap\u00f3s o motorista perder o controle em um trecho da via.<\/p>\n\n\n\n<p>O n\u00famero exato de ocupantes e a gravidade dos ferimentos ainda est\u00e3o sendo apurados, mas as equipes de resgate informaram que as v\u00edtimas receberam atendimento no local e, quando necess\u00e1rio, foram encaminhadas para unidades de sa\u00fade da regi\u00e3o.<\/p>\n","protected":false},"excerpt":{"rendered":"<p>Um capotamento foi registrado pr\u00f3ximo ao Bul\u00e3o, pr\u00f3ximo a entrade de \u00c1gua Doce, na BR-153 na cidade de General Carneiro na tarde desta quinta-feira (08). O acidente mobilizou equipes do Corpo de Bombeiros de \u00c1gua Doce e do SAMU de Joa\u00e7aba, que rapidamente se deslocaram ao local para prestar atendimento \u00e0s v\u00edtimas. Segundo informa\u00e7\u00f5es preliminares, [&hellip;]<\/p>\n","protected":false},"author":2,"featured_media":32743,"comment_status":"open","ping_status":"open","sticky":false,"template":"","format":"standard","meta":{"footnotes":""},"categories":[185],"tags":[172],"class_list":["post-32742","post","type-post","status-publish","format-standard","has-post-thumbnail","hentry","category-regional","tag-featured"],"amp_enabled":true,"_links":{"self":[{"href":"https:\/\/radiostudiow.com.br\/site\/wp-json\/wp\/v2\/posts\/32742","targetHints":{"allow":["GET"]}}],"collection":[{"href":"https:\/\/radiostudiow.com.br\/site\/wp-json\/wp\/v2\/posts"}],"about":[{"href":"https:\/\/radiostudiow.com.br\/site\/wp-json\/wp\/v2\/types\/post"}],"author":[{"embeddable":true,"href":"https:\/\/radiostudiow.com.br\/site\/wp-json\/wp\/v2\/users\/2"}],"replies":[{"embeddable":true,"href":"https:\/\/radiostudiow.com.br\/site\/wp-json\/wp\/v2\/comments?post=32742"}],"version-history":[{"count":1,"href":"https:\/\/radiostudiow.com.br\/site\/wp-json\/wp\/v2\/posts\/32742\/revisions"}],"predecessor-version":[{"id":32744,"href":"https:\/\/radiostudiow.com.br\/site\/wp-json\/wp\/v2\/posts\/32742\/revisions\/32744"}],"wp:featuredmedia":[{"embeddable":true,"href":"https:\/\/radiostudiow.com.br\/site\/wp-json\/wp\/v2\/media\/32743"}],"wp:attachment":[{"href":"https:\/\/radiostudiow.com.br\/site\/wp-json\/wp\/v2\/media?parent=32742"}],"wp:term":[{"taxonomy":"category","embeddable":true,"href":"https:\/\/radiostudiow.com.br\/site\/wp-json\/wp\/v2\/categories?post=32742"},{"taxonomy":"post_tag","embeddable":true,"href":"https:\/\/radiostudiow.com.br\/site\/wp-json\/wp\/v2\/tags?post=32742"}],"curies":[{"name":"wp","href":"https:\/\/api.w.org\/{rel}","templated":true}]}}