{"id":32759,"date":"2025-01-11T09:14:05","date_gmt":"2025-01-11T12:14:05","guid":{"rendered":"https:\/\/radiostudiow.com.br\/site\/?p=32759"},"modified":"2025-01-31T14:56:43","modified_gmt":"2025-01-31T17:56:43","slug":"homem-tem-bicicleta-furtada-em-sao-mateus-do-sul-e-suspeita-de-morador-de-rua","status":"publish","type":"post","link":"https:\/\/radiostudiow.com.br\/site\/2025\/01\/11\/homem-tem-bicicleta-furtada-em-sao-mateus-do-sul-e-suspeita-de-morador-de-rua\/","title":{"rendered":"Homem tem bicicleta furtada em S\u00e3o Mateus do Sul e suspeita de morador de rua"},"content":{"rendered":"\n<p>Um senho compareceu ao pelot\u00e3o da Pol\u00edcia Militar de S\u00e3o Mateus do Sul na quinta-feira, 09 de janeiro, relatando o furto de sua bicileta.<\/p>\n\n\n\n<figure class=\"wp-block-image size-full\"><img loading=\"lazy\" decoding=\"async\" width=\"590\" height=\"204\" src=\"https:\/\/radiostudiow.com.br\/site\/wp-content\/uploads\/2024\/04\/image-9.png\" alt=\"\" class=\"wp-image-21181\" srcset=\"https:\/\/radiostudiow.com.br\/site\/wp-content\/uploads\/2024\/04\/image-9.png 590w, https:\/\/radiostudiow.com.br\/site\/wp-content\/uploads\/2024\/04\/image-9-300x104.png 300w\" sizes=\"auto, (max-width: 590px) 100vw, 590px\" \/><\/figure>\n\n\n\n<p>Ele disse aos policiais que deixou sua bicicleta de cor azul, parada ao lado de supermercado, e quando retornou para pegar n\u00e3o estava mais l\u00e1. Segundo ele, testemunhas lhe informaram ter visto um morador de rua em posse dela.<\/p>\n\n\n\n<p>A equipe fez patrulhamento em busca do bem, contudo n\u00e3o localizou.<\/p>\n","protected":false},"excerpt":{"rendered":"<p>Um senho compareceu ao pelot\u00e3o da Pol\u00edcia Militar de S\u00e3o Mateus do Sul na quinta-feira, 09 de janeiro, relatando o furto de sua bicileta. Ele disse aos policiais que deixou sua bicicleta de cor azul, parada ao lado de supermercado, e quando retornou para pegar n\u00e3o estava mais l\u00e1. Segundo ele, testemunhas lhe informaram ter [&hellip;]<\/p>\n","protected":false},"author":2,"featured_media":32793,"comment_status":"open","ping_status":"open","sticky":false,"template":"","format":"standard","meta":{"footnotes":""},"categories":[2],"tags":[172],"class_list":["post-32759","post","type-post","status-publish","format-standard","has-post-thumbnail","hentry","category-policial","tag-featured"],"amp_enabled":true,"_links":{"self":[{"href":"https:\/\/radiostudiow.com.br\/site\/wp-json\/wp\/v2\/posts\/32759","targetHints":{"allow":["GET"]}}],"collection":[{"href":"https:\/\/radiostudiow.com.br\/site\/wp-json\/wp\/v2\/posts"}],"about":[{"href":"https:\/\/radiostudiow.com.br\/site\/wp-json\/wp\/v2\/types\/post"}],"author":[{"embeddable":true,"href":"https:\/\/radiostudiow.com.br\/site\/wp-json\/wp\/v2\/users\/2"}],"replies":[{"embeddable":true,"href":"https:\/\/radiostudiow.com.br\/site\/wp-json\/wp\/v2\/comments?post=32759"}],"version-history":[{"count":2,"href":"https:\/\/radiostudiow.com.br\/site\/wp-json\/wp\/v2\/posts\/32759\/revisions"}],"predecessor-version":[{"id":32794,"href":"https:\/\/radiostudiow.com.br\/site\/wp-json\/wp\/v2\/posts\/32759\/revisions\/32794"}],"wp:featuredmedia":[{"embeddable":true,"href":"https:\/\/radiostudiow.com.br\/site\/wp-json\/wp\/v2\/media\/32793"}],"wp:attachment":[{"href":"https:\/\/radiostudiow.com.br\/site\/wp-json\/wp\/v2\/media?parent=32759"}],"wp:term":[{"taxonomy":"category","embeddable":true,"href":"https:\/\/radiostudiow.com.br\/site\/wp-json\/wp\/v2\/categories?post=32759"},{"taxonomy":"post_tag","embeddable":true,"href":"https:\/\/radiostudiow.com.br\/site\/wp-json\/wp\/v2\/tags?post=32759"}],"curies":[{"name":"wp","href":"https:\/\/api.w.org\/{rel}","templated":true}]}}