{"id":32774,"date":"2025-01-10T12:07:03","date_gmt":"2025-01-10T15:07:03","guid":{"rendered":"https:\/\/radiostudiow.com.br\/site\/?p=32774"},"modified":"2025-01-31T14:57:58","modified_gmt":"2025-01-31T17:57:58","slug":"tres-pessoas-morreram-em-um-gravissimo-acidente-na-br-277-em-guarapuava","status":"publish","type":"post","link":"https:\/\/radiostudiow.com.br\/site\/2025\/01\/10\/tres-pessoas-morreram-em-um-gravissimo-acidente-na-br-277-em-guarapuava\/","title":{"rendered":"TR\u00caS PESSOAS MORRERAM EM UM GRAV\u00cdSSIMO ACIDENTE NA BR-277 EM GUARAPUAVA NA MANH\u00c3 DESSA SEXTA (10)"},"content":{"rendered":"\n<p>A poucos minutos da manh\u00e3 de hoje, 10\/01\/2025, aconteceu um grav\u00edssimo acidente do tipo colis\u00e3o frontal entre dois ve\u00edculos com 03 \u00f3bitos na BR-277, Km 378, munic\u00edpio de Guarapuava-PR.<\/p>\n\n\n\n<figure class=\"wp-block-image size-full\"><img loading=\"lazy\" decoding=\"async\" width=\"897\" height=\"204\" src=\"https:\/\/radiostudiow.com.br\/site\/wp-content\/uploads\/2024\/04\/image-50.png\" alt=\"\" class=\"wp-image-21368\" srcset=\"https:\/\/radiostudiow.com.br\/site\/wp-content\/uploads\/2024\/04\/image-50.png 897w, https:\/\/radiostudiow.com.br\/site\/wp-content\/uploads\/2024\/04\/image-50-300x68.png 300w, https:\/\/radiostudiow.com.br\/site\/wp-content\/uploads\/2024\/04\/image-50-768x175.png 768w\" sizes=\"auto, (max-width: 897px) 100vw, 897px\" \/><\/figure>\n\n\n\n<p>De acordo com informa\u00e7\u00f5es do SAMU, al\u00e9m dos 03 \u00f3bitos, 09 pessoas ficaram feridas no acidente. A PRF est\u00e1 no local e o tr\u00e2nsito est\u00e1 fluindo no sistema pare e siga.<\/p>\n\n\n\n<p>Os corpos das v\u00edtimas ser\u00e1 recolhido pelo IML de Guarapuava onde ser\u00e3o identificados.<\/p>\n\n\n\n<p><strong>Mais informa\u00e7\u00f5es em breve.<\/strong><\/p>\n\n\n\n<p>Fonte: <a href=\"https:\/\/www.facebook.com\/CopasVerdesFM\" data-type=\"link\" data-id=\"https:\/\/www.facebook.com\/CopasVerdesFM\">R\u00e1dio Copas Verdes FM<\/a><\/p>\n","protected":false},"excerpt":{"rendered":"<p>A poucos minutos da manh\u00e3 de hoje, 10\/01\/2025, aconteceu um grav\u00edssimo acidente do tipo colis\u00e3o frontal entre dois ve\u00edculos com 03 \u00f3bitos na BR-277, Km 378, munic\u00edpio de Guarapuava-PR. De acordo com informa\u00e7\u00f5es do SAMU, al\u00e9m dos 03 \u00f3bitos, 09 pessoas ficaram feridas no acidente. A PRF est\u00e1 no local e o tr\u00e2nsito est\u00e1 fluindo [&hellip;]<\/p>\n","protected":false},"author":2,"featured_media":32775,"comment_status":"open","ping_status":"open","sticky":false,"template":"","format":"standard","meta":{"footnotes":""},"categories":[185],"tags":[172],"class_list":["post-32774","post","type-post","status-publish","format-standard","has-post-thumbnail","hentry","category-regional","tag-featured"],"amp_enabled":true,"_links":{"self":[{"href":"https:\/\/radiostudiow.com.br\/site\/wp-json\/wp\/v2\/posts\/32774","targetHints":{"allow":["GET"]}}],"collection":[{"href":"https:\/\/radiostudiow.com.br\/site\/wp-json\/wp\/v2\/posts"}],"about":[{"href":"https:\/\/radiostudiow.com.br\/site\/wp-json\/wp\/v2\/types\/post"}],"author":[{"embeddable":true,"href":"https:\/\/radiostudiow.com.br\/site\/wp-json\/wp\/v2\/users\/2"}],"replies":[{"embeddable":true,"href":"https:\/\/radiostudiow.com.br\/site\/wp-json\/wp\/v2\/comments?post=32774"}],"version-history":[{"count":3,"href":"https:\/\/radiostudiow.com.br\/site\/wp-json\/wp\/v2\/posts\/32774\/revisions"}],"predecessor-version":[{"id":32778,"href":"https:\/\/radiostudiow.com.br\/site\/wp-json\/wp\/v2\/posts\/32774\/revisions\/32778"}],"wp:featuredmedia":[{"embeddable":true,"href":"https:\/\/radiostudiow.com.br\/site\/wp-json\/wp\/v2\/media\/32775"}],"wp:attachment":[{"href":"https:\/\/radiostudiow.com.br\/site\/wp-json\/wp\/v2\/media?parent=32774"}],"wp:term":[{"taxonomy":"category","embeddable":true,"href":"https:\/\/radiostudiow.com.br\/site\/wp-json\/wp\/v2\/categories?post=32774"},{"taxonomy":"post_tag","embeddable":true,"href":"https:\/\/radiostudiow.com.br\/site\/wp-json\/wp\/v2\/tags?post=32774"}],"curies":[{"name":"wp","href":"https:\/\/api.w.org\/{rel}","templated":true}]}}