{"id":32782,"date":"2025-01-10T19:41:42","date_gmt":"2025-01-10T22:41:42","guid":{"rendered":"https:\/\/radiostudiow.com.br\/site\/?p=32782"},"modified":"2025-01-31T14:57:58","modified_gmt":"2025-01-31T17:57:58","slug":"policia-suspeita-que-ex-marido-tenha-matado-mulher-em-palmeira","status":"publish","type":"post","link":"https:\/\/radiostudiow.com.br\/site\/2025\/01\/10\/policia-suspeita-que-ex-marido-tenha-matado-mulher-em-palmeira\/","title":{"rendered":"Pol\u00edcia suspeita que ex-marido tenha matado mulher em Palmeira"},"content":{"rendered":"\n<p><em>Ela e o ex-marido foram vistos juntos trafegando pelo munic\u00edpio; o homem ainda foi avistado indo ao local em que o corpo de Vanessa foi encontrado<\/em><\/p>\n\n\n\n<figure class=\"wp-block-image size-full\"><img loading=\"lazy\" decoding=\"async\" width=\"598\" height=\"204\" src=\"https:\/\/radiostudiow.com.br\/site\/wp-content\/uploads\/2024\/10\/labirati.png\" alt=\"\" class=\"wp-image-28854\" srcset=\"https:\/\/radiostudiow.com.br\/site\/wp-content\/uploads\/2024\/10\/labirati.png 598w, https:\/\/radiostudiow.com.br\/site\/wp-content\/uploads\/2024\/10\/labirati-300x102.png 300w\" sizes=\"auto, (max-width: 598px) 100vw, 598px\" \/><\/figure>\n\n\n\n<p>A Pol\u00edcia Civil concluiu as investiga\u00e7\u00f5es sobre a morte de Vanessa Aparecida Mayer, encontrada sem vida no Rio do Salto, em Palmeira. Ela estava desaparecida desde domingo (5), quando visitou uma amiga em Ponta Grossa.<\/p>\n\n\n\n<p>Conforme o Delegado Rodrigo Siqueira, Vanessa retornou de Ponta Grossa para Palmeira por meio de um aplicativo de carona, na tarde de domingo, sendo deixada na esta\u00e7\u00e3o rodovi\u00e1ria do munic\u00edpio. No local, o seu ex-marido, Silvio Joel dos Santos, esperava por ela em um ve\u00edculo. Na sequ\u00eancia, o delegado confirmou que eles foram vistos juntos circulando pela cidade.<\/p>\n\n\n\n<figure class=\"wp-block-image size-full\"><img loading=\"lazy\" decoding=\"async\" width=\"999\" height=\"500\" src=\"https:\/\/radiostudiow.com.br\/site\/wp-content\/uploads\/2025\/01\/image-60.png\" alt=\"\" class=\"wp-image-32783\" srcset=\"https:\/\/radiostudiow.com.br\/site\/wp-content\/uploads\/2025\/01\/image-60.png 999w, https:\/\/radiostudiow.com.br\/site\/wp-content\/uploads\/2025\/01\/image-60-300x150.png 300w, https:\/\/radiostudiow.com.br\/site\/wp-content\/uploads\/2025\/01\/image-60-768x384.png 768w\" sizes=\"auto, (max-width: 999px) 100vw, 999px\" \/><figcaption class=\"wp-element-caption\"><em>Os dois s\u00e3o vistos circulando juntos em Palmeira no fim da tarde de domingo, 05\u00a0| \u00a0Foto: PCPR<br><\/em><\/figcaption><\/figure>\n\n\n\n<p><em><strong>Rodrigo Siqueira relatou que, perto das 20h50 de domingo, o carro de Silvio foi visto indo \u00e0 estrada de\u00a0Quero-Quero\u00a0&#8211; local em que o corpo de Vanessa foi encontrado nessa ter\u00e7a-feira (7). &#8220;Por volta das 2h30 da manh\u00e3 dessa segunda-feira (6), o ve\u00edculo retorna e, por volta das 13h30, ao que tudo indica ser um ato suicida, o ve\u00edculo de Silvio colide em um caminh\u00e3o&#8221;, disse o delegado.<\/strong><\/em><\/p>\n\n\n\n<h2 class=\"wp-block-heading\"><strong>Confira o v\u00eddeo do delegado:<\/strong><\/h2>\n\n\n\n<p><\/p>\n\n\n\n<figure class=\"wp-block-video\"><video controls src=\"https:\/\/radiostudiow.com.br\/site\/wp-content\/uploads\/2025\/01\/Video-sem-titulo-Feito-com-o-Clipchamp-2_00554431_0_202501100901.mp4\"><\/video><\/figure>\n\n\n\n<p><strong>ACIDENTE &#8211;<\/strong>&nbsp;Silvio Joel dos Santos, ex-companheiro de&nbsp;Vanessa Aparecida Mayer, morreu em um acidente de tr\u00e2nsito na madrugada de segunda-feira (6). O \u00f3bito aconteceu no&nbsp;KM 173&nbsp;da&nbsp;BR-277, em Palmeira.&nbsp;Segundo a Pol\u00edcia Rodovi\u00e1ria Federal (PRF), o Ford Fusion que ele dirigia invadiu a pista contr\u00e1ria e bateu de frente em um caminh\u00e3o. A equipe m\u00e9dica da&nbsp;Via Arauc\u00e1ria, concession\u00e1ria respons\u00e1vel pelo trecho, chegou a ir at\u00e9 o local prestar atendimento, mas o homem de 32 anos n\u00e3o resistiu aos ferimentos.&nbsp;<\/p>\n\n\n\n<p><strong>SOBRE &#8211;&nbsp;<\/strong>Vanessa estava desaparecida desde domingo (5), quando deixou o apartamento de uma amiga, em&nbsp;Ponta Grossa, para embarcar em uma carona por aplicativo. O momento foi filmado pela c\u00e2mera de seguran\u00e7a do edif\u00edcio e registrou a mulher&nbsp;saindo com duas malas. O sumi\u00e7o gerou preocupa\u00e7\u00e3o entre os familiares, que acionaram as autoridades competentes. As bolsas que a desaparecida carregava foram encontradas na resid\u00eancia dela,&nbsp;vazias e abertas.<\/p>\n\n\n\n<figure class=\"wp-block-image size-large\"><img decoding=\"async\" src=\"https:\/\/radiostudiow.com.br\/site\/wp-content\/uploads\/2024\/12\/unnamed-file-1024x379.png\" alt=\"\" class=\"wp-image-32295\"\/><figcaption class=\"wp-element-caption\">AFUBRA IRATI: \ud83d\udcde(42) 3421-1700 \ud83d\udccd Rua Coronel Emilio Gomes, 399, Centro &#8211; Irati &#8211; PR<br>AFUBRA IMBITUVA: \ud83d\udcde(42) 3436-84003 \ud83d\udccd RUA Jacobe Brener, 830 &#8211; Centro, Imbituva &#8211; PR<br>https:\/\/www.lojasafubra.com.br<\/figcaption><\/figure>\n\n\n\n<p>O corpo de Vanessa foi localizado por um morador na manh\u00e3 de ter\u00e7a, no&nbsp;Rio do Salto, zona rural de Palmeira. O cad\u00e1ver apresentava uma&nbsp;les\u00e3o na regi\u00e3o do rosto, segundo a Pol\u00edcia Civil. \u201cA investiga\u00e7\u00e3o segue para ver se h\u00e1 alguma correla\u00e7\u00e3o com o \u00f3bito do ex-companheiro da jovem, que morreu em um suposto acidente de tr\u00e2nsito. Essa linha investigativa vai apurar se esses dois fatos est\u00e3o isolados ou n\u00e3o\u201d, explica o delegado.<\/p>\n\n\n\n<p>Em relato feito pela irm\u00e3 de Vanessa no&nbsp;boletim de ocorr\u00eancia, roupas da mulher foram&nbsp;encontradas entre os destro\u00e7os do ve\u00edculo&nbsp;em que o ex-marido dela,&nbsp;Silvio Joel dos Santos, morreu. De acordo com o delegado, a informa\u00e7\u00e3o \u00e9&nbsp;extraoficial&nbsp;e ser\u00e1 apurada a partir de uma per\u00edcia da&nbsp;Pol\u00edcia Cient\u00edfica&nbsp;no ve\u00edculo.<\/p>\n","protected":false},"excerpt":{"rendered":"<p>Ela e o ex-marido foram vistos juntos trafegando pelo munic\u00edpio; o homem ainda foi avistado indo ao local em que o corpo de Vanessa foi encontrado A Pol\u00edcia Civil concluiu as investiga\u00e7\u00f5es sobre a morte de Vanessa Aparecida Mayer, encontrada sem vida no Rio do Salto, em Palmeira. Ela estava desaparecida desde domingo (5), quando [&hellip;]<\/p>\n","protected":false},"author":2,"featured_media":32785,"comment_status":"open","ping_status":"open","sticky":false,"template":"","format":"standard","meta":{"footnotes":""},"categories":[2],"tags":[172],"class_list":["post-32782","post","type-post","status-publish","format-standard","has-post-thumbnail","hentry","category-policial","tag-featured"],"amp_enabled":true,"_links":{"self":[{"href":"https:\/\/radiostudiow.com.br\/site\/wp-json\/wp\/v2\/posts\/32782","targetHints":{"allow":["GET"]}}],"collection":[{"href":"https:\/\/radiostudiow.com.br\/site\/wp-json\/wp\/v2\/posts"}],"about":[{"href":"https:\/\/radiostudiow.com.br\/site\/wp-json\/wp\/v2\/types\/post"}],"author":[{"embeddable":true,"href":"https:\/\/radiostudiow.com.br\/site\/wp-json\/wp\/v2\/users\/2"}],"replies":[{"embeddable":true,"href":"https:\/\/radiostudiow.com.br\/site\/wp-json\/wp\/v2\/comments?post=32782"}],"version-history":[{"count":1,"href":"https:\/\/radiostudiow.com.br\/site\/wp-json\/wp\/v2\/posts\/32782\/revisions"}],"predecessor-version":[{"id":32786,"href":"https:\/\/radiostudiow.com.br\/site\/wp-json\/wp\/v2\/posts\/32782\/revisions\/32786"}],"wp:featuredmedia":[{"embeddable":true,"href":"https:\/\/radiostudiow.com.br\/site\/wp-json\/wp\/v2\/media\/32785"}],"wp:attachment":[{"href":"https:\/\/radiostudiow.com.br\/site\/wp-json\/wp\/v2\/media?parent=32782"}],"wp:term":[{"taxonomy":"category","embeddable":true,"href":"https:\/\/radiostudiow.com.br\/site\/wp-json\/wp\/v2\/categories?post=32782"},{"taxonomy":"post_tag","embeddable":true,"href":"https:\/\/radiostudiow.com.br\/site\/wp-json\/wp\/v2\/tags?post=32782"}],"curies":[{"name":"wp","href":"https:\/\/api.w.org\/{rel}","templated":true}]}}