{"id":32796,"date":"2025-01-11T10:42:26","date_gmt":"2025-01-11T13:42:26","guid":{"rendered":"https:\/\/radiostudiow.com.br\/site\/?p=32796"},"modified":"2025-01-31T14:56:43","modified_gmt":"2025-01-31T17:56:43","slug":"homem-e-preso-em-flagrante-por-roubo-em-supermercado-em-mallet","status":"publish","type":"post","link":"https:\/\/radiostudiow.com.br\/site\/2025\/01\/11\/homem-e-preso-em-flagrante-por-roubo-em-supermercado-em-mallet\/","title":{"rendered":"Homem \u00e9 preso em flagrante por roubo em supermercado em Mallet"},"content":{"rendered":"\n<p>A equipe da Pol\u00edcia Militar de Mallet recebeu uma den\u00fancia que tinha acabado de ocorrer um roubo em um supermercado na \u00e1rea central da cidade por volta das 12:30 horas dessa sexta-feira (10).<\/p>\n\n\n\n<figure class=\"wp-block-image size-full\"><img loading=\"lazy\" decoding=\"async\" width=\"897\" height=\"204\" src=\"https:\/\/radiostudiow.com.br\/site\/wp-content\/uploads\/2025\/01\/SITE-GRANDE.png\" alt=\"\" class=\"wp-image-32809\" srcset=\"https:\/\/radiostudiow.com.br\/site\/wp-content\/uploads\/2025\/01\/SITE-GRANDE.png 897w, https:\/\/radiostudiow.com.br\/site\/wp-content\/uploads\/2025\/01\/SITE-GRANDE-300x68.png 300w, https:\/\/radiostudiow.com.br\/site\/wp-content\/uploads\/2025\/01\/SITE-GRANDE-768x175.png 768w\" sizes=\"auto, (max-width: 897px) 100vw, 897px\" \/><\/figure>\n\n\n\n<p>No local os policiais entraram em contato com a gerente que relatou que estava na recep\u00e7\u00e3o contando dinheiro, momento em que um homem de moletom branco entrou no estabelecimento e se aproximou da recep\u00e7\u00e3o e deu voz de assalto.<\/p>\n\n\n\n<p>A solicitante informou que o autor pegou e puxou o dinheiro que estava em sua m\u00e3o com viol\u00eancia, no mesmo momento ela segurou vindo a rasgar metade de uma nota de 100 reais.<\/p>\n\n\n\n<figure class=\"wp-block-image size-full\"><img loading=\"lazy\" decoding=\"async\" width=\"598\" height=\"204\" src=\"https:\/\/radiostudiow.com.br\/site\/wp-content\/uploads\/2025\/01\/SITE-MEDIO.png\" alt=\"\" class=\"wp-image-32810\" srcset=\"https:\/\/radiostudiow.com.br\/site\/wp-content\/uploads\/2025\/01\/SITE-MEDIO.png 598w, https:\/\/radiostudiow.com.br\/site\/wp-content\/uploads\/2025\/01\/SITE-MEDIO-300x102.png 300w\" sizes=\"auto, (max-width: 598px) 100vw, 598px\" \/><\/figure>\n\n\n\n<p>A equipe policial imediatamente realizou patrulhamento nas imedia\u00e7\u00f5es, vindo a localizar o suspeito. Quando ele percebeu a presen\u00e7a da equipe, saiu correndo. Sendo acompanhado pela por duas quadras e obtido \u00eaxito na abordagem e em busca pessoal foi localizado a metade da nota de 100 reais.<\/p>\n\n\n\n<p>Dado voz de pris\u00e3o e lido seus direitos constitucionais e em seguida encaminhado \u00e0 Delegacia de Mallet para as provid\u00eancias cab\u00edveis e colocado \u00e0 disposi\u00e7\u00e3o da Pol\u00edcia Judici\u00e1ria.<\/p>\n","protected":false},"excerpt":{"rendered":"<p>A equipe da Pol\u00edcia Militar de Mallet recebeu uma den\u00fancia que tinha acabado de ocorrer um roubo em um supermercado na \u00e1rea central da cidade por volta das 12:30 horas dessa sexta-feira (10). No local os policiais entraram em contato com a gerente que relatou que estava na recep\u00e7\u00e3o contando dinheiro, momento em que um [&hellip;]<\/p>\n","protected":false},"author":2,"featured_media":32811,"comment_status":"open","ping_status":"open","sticky":false,"template":"","format":"standard","meta":{"footnotes":""},"categories":[2],"tags":[172],"class_list":["post-32796","post","type-post","status-publish","format-standard","has-post-thumbnail","hentry","category-policial","tag-featured"],"amp_enabled":true,"_links":{"self":[{"href":"https:\/\/radiostudiow.com.br\/site\/wp-json\/wp\/v2\/posts\/32796","targetHints":{"allow":["GET"]}}],"collection":[{"href":"https:\/\/radiostudiow.com.br\/site\/wp-json\/wp\/v2\/posts"}],"about":[{"href":"https:\/\/radiostudiow.com.br\/site\/wp-json\/wp\/v2\/types\/post"}],"author":[{"embeddable":true,"href":"https:\/\/radiostudiow.com.br\/site\/wp-json\/wp\/v2\/users\/2"}],"replies":[{"embeddable":true,"href":"https:\/\/radiostudiow.com.br\/site\/wp-json\/wp\/v2\/comments?post=32796"}],"version-history":[{"count":3,"href":"https:\/\/radiostudiow.com.br\/site\/wp-json\/wp\/v2\/posts\/32796\/revisions"}],"predecessor-version":[{"id":32812,"href":"https:\/\/radiostudiow.com.br\/site\/wp-json\/wp\/v2\/posts\/32796\/revisions\/32812"}],"wp:featuredmedia":[{"embeddable":true,"href":"https:\/\/radiostudiow.com.br\/site\/wp-json\/wp\/v2\/media\/32811"}],"wp:attachment":[{"href":"https:\/\/radiostudiow.com.br\/site\/wp-json\/wp\/v2\/media?parent=32796"}],"wp:term":[{"taxonomy":"category","embeddable":true,"href":"https:\/\/radiostudiow.com.br\/site\/wp-json\/wp\/v2\/categories?post=32796"},{"taxonomy":"post_tag","embeddable":true,"href":"https:\/\/radiostudiow.com.br\/site\/wp-json\/wp\/v2\/tags?post=32796"}],"curies":[{"name":"wp","href":"https:\/\/api.w.org\/{rel}","templated":true}]}}