{"id":32800,"date":"2025-01-11T10:39:33","date_gmt":"2025-01-11T13:39:33","guid":{"rendered":"https:\/\/radiostudiow.com.br\/site\/?p=32800"},"modified":"2025-01-31T14:56:43","modified_gmt":"2025-01-31T17:56:43","slug":"apos-denuncia-anonima-policia-militar-apreende-arma-de-fogo-em-bar-em-sao-mateus-do-sul","status":"publish","type":"post","link":"https:\/\/radiostudiow.com.br\/site\/2025\/01\/11\/apos-denuncia-anonima-policia-militar-apreende-arma-de-fogo-em-bar-em-sao-mateus-do-sul\/","title":{"rendered":"Ap\u00f3s den\u00fancia an\u00f4nima, Pol\u00edcia Militar apreende arma de fogo em bar em S\u00e3o Mateus do Sul"},"content":{"rendered":"\n<p>Uma den\u00fancia an\u00f4nima levou a Pol\u00edcia Militar a um bar, em S\u00e3o Mateus do Sul, onde o propriet\u00e1rio estaria na posse de uma arma de fogo ilegal. A ocorr\u00eancia foi registrada por volta de 14:40 horas dessa sexta-feira (10).<\/p>\n\n\n\n<figure class=\"wp-block-image size-full\"><img loading=\"lazy\" decoding=\"async\" width=\"598\" height=\"204\" src=\"https:\/\/radiostudiow.com.br\/site\/wp-content\/uploads\/2025\/01\/SITE-MEDIO7.png\" alt=\"\" class=\"wp-image-32801\" srcset=\"https:\/\/radiostudiow.com.br\/site\/wp-content\/uploads\/2025\/01\/SITE-MEDIO7.png 598w, https:\/\/radiostudiow.com.br\/site\/wp-content\/uploads\/2025\/01\/SITE-MEDIO7-300x102.png 300w\" sizes=\"auto, (max-width: 598px) 100vw, 598px\" \/><\/figure>\n\n\n\n<p>No local, estava apenas o propriet\u00e1rio, que foi questiado sobre a den\u00fancia. De forma colaborativa, o homem levou a equipe at\u00e9 o local que servia de estoque do bar, entregando um rev\u00f3lver calibre 38, sem registro e municiado com 6 muni\u00e7\u00f5es intactas.<\/p>\n\n\n\n<p>Ap\u00f3s a apreens\u00e3o, o homem foi encaminhado ao Pronto Atendimento para os procedimentos de praxe e, em seguida, conduzido \u00e0 3\u00aa Subdivis\u00e3o Policial (3\u00aa SDP), onde foram tomadas as provid\u00eancias.<\/p>\n","protected":false},"excerpt":{"rendered":"<p>Uma den\u00fancia an\u00f4nima levou a Pol\u00edcia Militar a um bar, em S\u00e3o Mateus do Sul, onde o propriet\u00e1rio estaria na posse de uma arma de fogo ilegal. A ocorr\u00eancia foi registrada por volta de 14:40 horas dessa sexta-feira (10). No local, estava apenas o propriet\u00e1rio, que foi questiado sobre a den\u00fancia. De forma colaborativa, o [&hellip;]<\/p>\n","protected":false},"author":2,"featured_media":24702,"comment_status":"open","ping_status":"open","sticky":false,"template":"","format":"standard","meta":{"footnotes":""},"categories":[2],"tags":[172],"class_list":["post-32800","post","type-post","status-publish","format-standard","has-post-thumbnail","hentry","category-policial","tag-featured"],"amp_enabled":true,"_links":{"self":[{"href":"https:\/\/radiostudiow.com.br\/site\/wp-json\/wp\/v2\/posts\/32800","targetHints":{"allow":["GET"]}}],"collection":[{"href":"https:\/\/radiostudiow.com.br\/site\/wp-json\/wp\/v2\/posts"}],"about":[{"href":"https:\/\/radiostudiow.com.br\/site\/wp-json\/wp\/v2\/types\/post"}],"author":[{"embeddable":true,"href":"https:\/\/radiostudiow.com.br\/site\/wp-json\/wp\/v2\/users\/2"}],"replies":[{"embeddable":true,"href":"https:\/\/radiostudiow.com.br\/site\/wp-json\/wp\/v2\/comments?post=32800"}],"version-history":[{"count":1,"href":"https:\/\/radiostudiow.com.br\/site\/wp-json\/wp\/v2\/posts\/32800\/revisions"}],"predecessor-version":[{"id":32802,"href":"https:\/\/radiostudiow.com.br\/site\/wp-json\/wp\/v2\/posts\/32800\/revisions\/32802"}],"wp:featuredmedia":[{"embeddable":true,"href":"https:\/\/radiostudiow.com.br\/site\/wp-json\/wp\/v2\/media\/24702"}],"wp:attachment":[{"href":"https:\/\/radiostudiow.com.br\/site\/wp-json\/wp\/v2\/media?parent=32800"}],"wp:term":[{"taxonomy":"category","embeddable":true,"href":"https:\/\/radiostudiow.com.br\/site\/wp-json\/wp\/v2\/categories?post=32800"},{"taxonomy":"post_tag","embeddable":true,"href":"https:\/\/radiostudiow.com.br\/site\/wp-json\/wp\/v2\/tags?post=32800"}],"curies":[{"name":"wp","href":"https:\/\/api.w.org\/{rel}","templated":true}]}}