{"id":32803,"date":"2025-01-11T10:40:41","date_gmt":"2025-01-11T13:40:41","guid":{"rendered":"https:\/\/radiostudiow.com.br\/site\/?p=32803"},"modified":"2025-01-31T14:56:43","modified_gmt":"2025-01-31T17:56:43","slug":"empresario-cai-de-lancha-e-desaparece-no-rio-iguacu-em-uniao-da-vitoria","status":"publish","type":"post","link":"https:\/\/radiostudiow.com.br\/site\/2025\/01\/11\/empresario-cai-de-lancha-e-desaparece-no-rio-iguacu-em-uniao-da-vitoria\/","title":{"rendered":"Empres\u00e1rio cai de lancha e desaparece no Rio Igua\u00e7u em Uni\u00e3o da Vit\u00f3ria"},"content":{"rendered":"\n<p>Um empres\u00e1rio est\u00e1 desaparecido ap\u00f3s cair nas \u00e1guas do rio Igua\u00e7u, no in\u00edcio da noite desta sexta-feira (10), em Uni\u00e3o da Vit\u00f3ria.<\/p>\n\n\n\n<p>Segundo informa\u00e7\u00f5es do&nbsp;<em>Canal 4 TV,<\/em>&nbsp;o homem foi identificado como Claudinei Geraldo Narcizo, de 49 anos, empres\u00e1rio do ramo de pesca e bastante conhecido no Vale do Igua\u00e7u. Ele teria ca\u00eddo de uma lancha, que seria de sua propriedade.<\/p>\n\n\n\n<figure class=\"wp-block-image size-full\"><img loading=\"lazy\" decoding=\"async\" width=\"897\" height=\"204\" src=\"https:\/\/radiostudiow.com.br\/site\/wp-content\/uploads\/2025\/01\/SITE-GRANDE2.png\" alt=\"\" class=\"wp-image-32805\" srcset=\"https:\/\/radiostudiow.com.br\/site\/wp-content\/uploads\/2025\/01\/SITE-GRANDE2.png 897w, https:\/\/radiostudiow.com.br\/site\/wp-content\/uploads\/2025\/01\/SITE-GRANDE2-300x68.png 300w, https:\/\/radiostudiow.com.br\/site\/wp-content\/uploads\/2025\/01\/SITE-GRANDE2-768x175.png 768w\" sizes=\"auto, (max-width: 897px) 100vw, 897px\" \/><\/figure>\n\n\n\n<p>De acordo com as primeiras informa\u00e7\u00f5es, tr\u00eas pessoas estavam na lancha e uma delas acabou caindo no rio. Mesmo com as tentativas de resgate, por meio de boia, a v\u00edtima submergiu nas \u00e1guas.<\/p>\n\n\n\n<p>O Corpo de Bombeiros foi acionado e iniciou as buscas na noite de ontem, sexta-feira (10) e retomou no in\u00edcio da manh\u00e3 deste s\u00e1bado (11).<\/p>\n","protected":false},"excerpt":{"rendered":"<p>Um empres\u00e1rio est\u00e1 desaparecido ap\u00f3s cair nas \u00e1guas do rio Igua\u00e7u, no in\u00edcio da noite desta sexta-feira (10), em Uni\u00e3o da Vit\u00f3ria. Segundo informa\u00e7\u00f5es do&nbsp;Canal 4 TV,&nbsp;o homem foi identificado como Claudinei Geraldo Narcizo, de 49 anos, empres\u00e1rio do ramo de pesca e bastante conhecido no Vale do Igua\u00e7u. Ele teria ca\u00eddo de uma lancha, [&hellip;]<\/p>\n","protected":false},"author":2,"featured_media":32804,"comment_status":"open","ping_status":"open","sticky":false,"template":"","format":"standard","meta":{"footnotes":""},"categories":[185],"tags":[172],"class_list":["post-32803","post","type-post","status-publish","format-standard","has-post-thumbnail","hentry","category-regional","tag-featured"],"amp_enabled":true,"_links":{"self":[{"href":"https:\/\/radiostudiow.com.br\/site\/wp-json\/wp\/v2\/posts\/32803","targetHints":{"allow":["GET"]}}],"collection":[{"href":"https:\/\/radiostudiow.com.br\/site\/wp-json\/wp\/v2\/posts"}],"about":[{"href":"https:\/\/radiostudiow.com.br\/site\/wp-json\/wp\/v2\/types\/post"}],"author":[{"embeddable":true,"href":"https:\/\/radiostudiow.com.br\/site\/wp-json\/wp\/v2\/users\/2"}],"replies":[{"embeddable":true,"href":"https:\/\/radiostudiow.com.br\/site\/wp-json\/wp\/v2\/comments?post=32803"}],"version-history":[{"count":2,"href":"https:\/\/radiostudiow.com.br\/site\/wp-json\/wp\/v2\/posts\/32803\/revisions"}],"predecessor-version":[{"id":32807,"href":"https:\/\/radiostudiow.com.br\/site\/wp-json\/wp\/v2\/posts\/32803\/revisions\/32807"}],"wp:featuredmedia":[{"embeddable":true,"href":"https:\/\/radiostudiow.com.br\/site\/wp-json\/wp\/v2\/media\/32804"}],"wp:attachment":[{"href":"https:\/\/radiostudiow.com.br\/site\/wp-json\/wp\/v2\/media?parent=32803"}],"wp:term":[{"taxonomy":"category","embeddable":true,"href":"https:\/\/radiostudiow.com.br\/site\/wp-json\/wp\/v2\/categories?post=32803"},{"taxonomy":"post_tag","embeddable":true,"href":"https:\/\/radiostudiow.com.br\/site\/wp-json\/wp\/v2\/tags?post=32803"}],"curies":[{"name":"wp","href":"https:\/\/api.w.org\/{rel}","templated":true}]}}