{"id":3281,"date":"2021-08-18T09:42:52","date_gmt":"2021-08-18T12:42:52","guid":{"rendered":"https:\/\/radiostudiow.com.br\/site\/?p=3281"},"modified":"2025-01-31T15:12:31","modified_gmt":"2025-01-31T18:12:31","slug":"maquina-de-lavar-roupa-e-furtada-de-residencia-em-paula-freitas","status":"publish","type":"post","link":"https:\/\/radiostudiow.com.br\/site\/2021\/08\/18\/maquina-de-lavar-roupa-e-furtada-de-residencia-em-paula-freitas\/","title":{"rendered":"M\u00e1quina de lavar roupa \u00e9 furtada de resid\u00eancia em Paula Freitas"},"content":{"rendered":"\n<p>Por volta das 08:00 horas desta segunda \u2013 feira, 16 de agosto, um homem compareceu ao Pelot\u00e3o da Policial Militar Paula Freitas ap\u00f3s ocorrer um furto na sua propriedade na \u00e1rea central do munic\u00edpio.<\/p>\n\n\n\n<p>De acordo com o solicitante, a sua m\u00e1quina de lavar roupas 12 kg Electrolux foi furtada.<\/p>\n\n\n\n<p>Relatou que na noite anterior visualizou um ve\u00edculo gol azul marinho com uma caretinha acoplada passar v\u00e1rias vezes em frente a sua resid\u00eancia e ao sair pela manh\u00e3 de ter\u00e7a-feira (17), percebeu que sua lavadora n\u00e3o estava mais na varanda.<\/p>\n\n\n\n<p>\u00a0Diante da situa\u00e7\u00e3o a v\u00edtima foi orientado quanto aos procedimentos cab\u00edveis.<\/p>\n\n\n\n<figure class=\"wp-block-image size-full\"><img decoding=\"async\" src=\"https:\/\/radiostudiow.com.br\/site\/wp-content\/uploads\/2021\/07\/SICREDI.jpg\" alt=\"\" class=\"wp-image-3081\"\/><\/figure>\n","protected":false},"excerpt":{"rendered":"<p>Por volta das 08:00 horas desta segunda \u2013 feira, 16 de agosto, um homem compareceu ao Pelot\u00e3o da Policial Militar Paula Freitas ap\u00f3s ocorrer um furto na sua propriedade na \u00e1rea central do munic\u00edpio. De acordo com o solicitante, a sua m\u00e1quina de lavar roupas 12 kg Electrolux foi furtada. Relatou que na noite anterior [&hellip;]<\/p>\n","protected":false},"author":2,"featured_media":2309,"comment_status":"open","ping_status":"open","sticky":false,"template":"","format":"standard","meta":{"footnotes":""},"categories":[2],"tags":[172],"class_list":["post-3281","post","type-post","status-publish","format-standard","has-post-thumbnail","hentry","category-policial","tag-featured"],"amp_enabled":true,"_links":{"self":[{"href":"https:\/\/radiostudiow.com.br\/site\/wp-json\/wp\/v2\/posts\/3281","targetHints":{"allow":["GET"]}}],"collection":[{"href":"https:\/\/radiostudiow.com.br\/site\/wp-json\/wp\/v2\/posts"}],"about":[{"href":"https:\/\/radiostudiow.com.br\/site\/wp-json\/wp\/v2\/types\/post"}],"author":[{"embeddable":true,"href":"https:\/\/radiostudiow.com.br\/site\/wp-json\/wp\/v2\/users\/2"}],"replies":[{"embeddable":true,"href":"https:\/\/radiostudiow.com.br\/site\/wp-json\/wp\/v2\/comments?post=3281"}],"version-history":[{"count":1,"href":"https:\/\/radiostudiow.com.br\/site\/wp-json\/wp\/v2\/posts\/3281\/revisions"}],"predecessor-version":[{"id":3282,"href":"https:\/\/radiostudiow.com.br\/site\/wp-json\/wp\/v2\/posts\/3281\/revisions\/3282"}],"wp:featuredmedia":[{"embeddable":true,"href":"https:\/\/radiostudiow.com.br\/site\/wp-json\/wp\/v2\/media\/2309"}],"wp:attachment":[{"href":"https:\/\/radiostudiow.com.br\/site\/wp-json\/wp\/v2\/media?parent=3281"}],"wp:term":[{"taxonomy":"category","embeddable":true,"href":"https:\/\/radiostudiow.com.br\/site\/wp-json\/wp\/v2\/categories?post=3281"},{"taxonomy":"post_tag","embeddable":true,"href":"https:\/\/radiostudiow.com.br\/site\/wp-json\/wp\/v2\/tags?post=3281"}],"curies":[{"name":"wp","href":"https:\/\/api.w.org\/{rel}","templated":true}]}}