{"id":32822,"date":"2025-01-11T12:43:13","date_gmt":"2025-01-11T15:43:13","guid":{"rendered":"https:\/\/radiostudiow.com.br\/site\/?p=32822"},"modified":"2025-01-31T14:56:43","modified_gmt":"2025-01-31T17:56:43","slug":"homem-e-esfaqueado-em-tentativa-de-homicidio-em-uniao-da-vitoria","status":"publish","type":"post","link":"https:\/\/radiostudiow.com.br\/site\/2025\/01\/11\/homem-e-esfaqueado-em-tentativa-de-homicidio-em-uniao-da-vitoria\/","title":{"rendered":"Homem \u00e9 esfaqueado em tentativa de homic\u00eddio em Uni\u00e3o da Vit\u00f3ria"},"content":{"rendered":"\n<p>A equipe da Pol\u00edcia Militar de Uni\u00e3o da Vit\u00f3ria realizava patrulhamento pelo bairro Rocio por volta das 01 hora da madrugada desse s\u00e1bado, 11 de janeiro, quando foi abordada pelo funcion\u00e1rio de um posto de combust\u00edvel relatando um caso de homic\u00eddio tentado.<\/p>\n\n\n\n<figure class=\"wp-block-image size-full\"><img loading=\"lazy\" decoding=\"async\" width=\"897\" height=\"204\" src=\"https:\/\/radiostudiow.com.br\/site\/wp-content\/uploads\/2025\/01\/SITE-GRANDE5.png\" alt=\"\" class=\"wp-image-32814\" srcset=\"https:\/\/radiostudiow.com.br\/site\/wp-content\/uploads\/2025\/01\/SITE-GRANDE5.png 897w, https:\/\/radiostudiow.com.br\/site\/wp-content\/uploads\/2025\/01\/SITE-GRANDE5-300x68.png 300w, https:\/\/radiostudiow.com.br\/site\/wp-content\/uploads\/2025\/01\/SITE-GRANDE5-768x175.png 768w\" sizes=\"auto, (max-width: 897px) 100vw, 897px\" \/><\/figure>\n\n\n\n<p>O solicitante passou a relatar que um homem teria levado facadas no peito e estaria ca\u00eddo no p\u00e1tio do posto. Ato cont\u00ednuo, foi visualizado a v\u00edtima ca\u00edda ao solo em posi\u00e7\u00e3o de dec\u00fabito dorsal, sem camiseta, com dois cortes na regi\u00e3o do t\u00f3rax e um corte na m\u00e3o esquerda.<\/p>\n\n\n\n<p>O homem estava consciente e relatou que teria sido v\u00edtima de facadas e identificou o autor. A v\u00edtima n\u00e3o soube relatar o local exato onde se deram os fatos.<\/p>\n\n\n\n<figure class=\"wp-block-image size-full\"><img loading=\"lazy\" decoding=\"async\" width=\"598\" height=\"204\" src=\"https:\/\/radiostudiow.com.br\/site\/wp-content\/uploads\/2025\/01\/SITE-MEDIO7.png\" alt=\"\" class=\"wp-image-32801\" srcset=\"https:\/\/radiostudiow.com.br\/site\/wp-content\/uploads\/2025\/01\/SITE-MEDIO7.png 598w, https:\/\/radiostudiow.com.br\/site\/wp-content\/uploads\/2025\/01\/SITE-MEDIO7-300x102.png 300w\" sizes=\"auto, (max-width: 598px) 100vw, 598px\" \/><\/figure>\n\n\n\n<p>Foi feito contato com o corpo de bombeiros de Uni\u00e3o da Vit\u00f3ria, que imediatamente se deslocou at\u00e9 o endere\u00e7o, realizando o primeiro atendimento da v\u00edtima no local, sendo encaminhado at\u00e9 a UPA.<\/p>\n\n\n\n<p>De posse das caracter\u00edsticas do suposto autor, as equipes policiais realizaram dilig\u00eancias no intuito de localiz\u00e1-lo, por\u00e9m, n\u00e3o logrou-se \u00eaxito.<\/p>\n","protected":false},"excerpt":{"rendered":"<p>A equipe da Pol\u00edcia Militar de Uni\u00e3o da Vit\u00f3ria realizava patrulhamento pelo bairro Rocio por volta das 01 hora da madrugada desse s\u00e1bado, 11 de janeiro, quando foi abordada pelo funcion\u00e1rio de um posto de combust\u00edvel relatando um caso de homic\u00eddio tentado. O solicitante passou a relatar que um homem teria levado facadas no peito [&hellip;]<\/p>\n","protected":false},"author":2,"featured_media":32823,"comment_status":"open","ping_status":"open","sticky":false,"template":"","format":"standard","meta":{"footnotes":""},"categories":[2],"tags":[172],"class_list":["post-32822","post","type-post","status-publish","format-standard","has-post-thumbnail","hentry","category-policial","tag-featured"],"amp_enabled":true,"_links":{"self":[{"href":"https:\/\/radiostudiow.com.br\/site\/wp-json\/wp\/v2\/posts\/32822","targetHints":{"allow":["GET"]}}],"collection":[{"href":"https:\/\/radiostudiow.com.br\/site\/wp-json\/wp\/v2\/posts"}],"about":[{"href":"https:\/\/radiostudiow.com.br\/site\/wp-json\/wp\/v2\/types\/post"}],"author":[{"embeddable":true,"href":"https:\/\/radiostudiow.com.br\/site\/wp-json\/wp\/v2\/users\/2"}],"replies":[{"embeddable":true,"href":"https:\/\/radiostudiow.com.br\/site\/wp-json\/wp\/v2\/comments?post=32822"}],"version-history":[{"count":1,"href":"https:\/\/radiostudiow.com.br\/site\/wp-json\/wp\/v2\/posts\/32822\/revisions"}],"predecessor-version":[{"id":32824,"href":"https:\/\/radiostudiow.com.br\/site\/wp-json\/wp\/v2\/posts\/32822\/revisions\/32824"}],"wp:featuredmedia":[{"embeddable":true,"href":"https:\/\/radiostudiow.com.br\/site\/wp-json\/wp\/v2\/media\/32823"}],"wp:attachment":[{"href":"https:\/\/radiostudiow.com.br\/site\/wp-json\/wp\/v2\/media?parent=32822"}],"wp:term":[{"taxonomy":"category","embeddable":true,"href":"https:\/\/radiostudiow.com.br\/site\/wp-json\/wp\/v2\/categories?post=32822"},{"taxonomy":"post_tag","embeddable":true,"href":"https:\/\/radiostudiow.com.br\/site\/wp-json\/wp\/v2\/tags?post=32822"}],"curies":[{"name":"wp","href":"https:\/\/api.w.org\/{rel}","templated":true}]}}