{"id":32826,"date":"2025-01-13T09:25:12","date_gmt":"2025-01-13T12:25:12","guid":{"rendered":"https:\/\/radiostudiow.com.br\/site\/?p=32826"},"modified":"2025-01-31T14:56:43","modified_gmt":"2025-01-31T17:56:43","slug":"corpo-de-empresario-claudinei-narciso-e-encontrado-no-rio-iguacu","status":"publish","type":"post","link":"https:\/\/radiostudiow.com.br\/site\/2025\/01\/13\/corpo-de-empresario-claudinei-narciso-e-encontrado-no-rio-iguacu\/","title":{"rendered":"Corpo de empres\u00e1rio Claudinei Narciso \u00e9 encontrado no Rio Igua\u00e7u"},"content":{"rendered":"\n<p>Depois de um final de semana de intensos trabalhos, o Corpo de Bombeiros encontrou na manh\u00e3 desta segunda-feira, 13 denJaneiro, o corpo do empres\u00e1rio Claudinei Geraldo Narciso, de 49 anos, que estava desaparecido ap\u00f3s cair de uma lancha no Rio Igua\u00e7u no final da tarde da \u00faltima sexta-feira (10).<\/p>\n\n\n\n<figure class=\"wp-block-image size-full\"><img loading=\"lazy\" decoding=\"async\" width=\"598\" height=\"204\" src=\"https:\/\/radiostudiow.com.br\/site\/wp-content\/uploads\/2025\/01\/SITE-MEDIO7.png\" alt=\"\" class=\"wp-image-32801\" srcset=\"https:\/\/radiostudiow.com.br\/site\/wp-content\/uploads\/2025\/01\/SITE-MEDIO7.png 598w, https:\/\/radiostudiow.com.br\/site\/wp-content\/uploads\/2025\/01\/SITE-MEDIO7-300x102.png 300w\" sizes=\"auto, (max-width: 598px) 100vw, 598px\" \/><\/figure>\n\n\n\n<p>O corpo foi localizado pr\u00f3ximo ao CTG Fronteira da Amizade, em um local conhecido como Raia. Segundo as primeiras informa\u00e7\u00f5es, pessoas que estavam auxiliando nas buscas visualizaram o corpo de Claudinei.<\/p>\n\n\n\n<p>O Instituo M\u00e9dico Legal (IML) foi acionado para a retirada do corpo. Narciso era um empres\u00e1rio do ramo de pesca bastante conhecido no Vale do Igua\u00e7u.<\/p>\n\n\n\n<p><\/p>\n","protected":false},"excerpt":{"rendered":"<p>Depois de um final de semana de intensos trabalhos, o Corpo de Bombeiros encontrou na manh\u00e3 desta segunda-feira, 13 denJaneiro, o corpo do empres\u00e1rio Claudinei Geraldo Narciso, de 49 anos, que estava desaparecido ap\u00f3s cair de uma lancha no Rio Igua\u00e7u no final da tarde da \u00faltima sexta-feira (10). O corpo foi localizado pr\u00f3ximo ao [&hellip;]<\/p>\n","protected":false},"author":2,"featured_media":32827,"comment_status":"open","ping_status":"open","sticky":false,"template":"","format":"standard","meta":{"footnotes":""},"categories":[185],"tags":[172],"class_list":["post-32826","post","type-post","status-publish","format-standard","has-post-thumbnail","hentry","category-regional","tag-featured"],"amp_enabled":true,"_links":{"self":[{"href":"https:\/\/radiostudiow.com.br\/site\/wp-json\/wp\/v2\/posts\/32826","targetHints":{"allow":["GET"]}}],"collection":[{"href":"https:\/\/radiostudiow.com.br\/site\/wp-json\/wp\/v2\/posts"}],"about":[{"href":"https:\/\/radiostudiow.com.br\/site\/wp-json\/wp\/v2\/types\/post"}],"author":[{"embeddable":true,"href":"https:\/\/radiostudiow.com.br\/site\/wp-json\/wp\/v2\/users\/2"}],"replies":[{"embeddable":true,"href":"https:\/\/radiostudiow.com.br\/site\/wp-json\/wp\/v2\/comments?post=32826"}],"version-history":[{"count":1,"href":"https:\/\/radiostudiow.com.br\/site\/wp-json\/wp\/v2\/posts\/32826\/revisions"}],"predecessor-version":[{"id":32829,"href":"https:\/\/radiostudiow.com.br\/site\/wp-json\/wp\/v2\/posts\/32826\/revisions\/32829"}],"wp:featuredmedia":[{"embeddable":true,"href":"https:\/\/radiostudiow.com.br\/site\/wp-json\/wp\/v2\/media\/32827"}],"wp:attachment":[{"href":"https:\/\/radiostudiow.com.br\/site\/wp-json\/wp\/v2\/media?parent=32826"}],"wp:term":[{"taxonomy":"category","embeddable":true,"href":"https:\/\/radiostudiow.com.br\/site\/wp-json\/wp\/v2\/categories?post=32826"},{"taxonomy":"post_tag","embeddable":true,"href":"https:\/\/radiostudiow.com.br\/site\/wp-json\/wp\/v2\/tags?post=32826"}],"curies":[{"name":"wp","href":"https:\/\/api.w.org\/{rel}","templated":true}]}}