{"id":3283,"date":"2021-08-18T10:51:32","date_gmt":"2021-08-18T13:51:32","guid":{"rendered":"https:\/\/radiostudiow.com.br\/site\/?p=3283"},"modified":"2025-01-31T15:12:31","modified_gmt":"2025-01-31T18:12:31","slug":"homem-e-encontrado-morto-em-corrego-na-area-rural-de-paula-freitas","status":"publish","type":"post","link":"https:\/\/radiostudiow.com.br\/site\/2021\/08\/18\/homem-e-encontrado-morto-em-corrego-na-area-rural-de-paula-freitas\/","title":{"rendered":"Homem \u00e9 encontrado morto em c\u00f3rrego na \u00e1rea rural de Paula Freitas"},"content":{"rendered":"\n<p>O Instituto M\u00e9dico Legal \u2013 IML de Uni\u00e3o da Vit\u00f3ria foi acionado por volta das 13:00 horas dessa segunda-feira, 16 de agosto, para recolher o corpo de um homem na \u00e1rea rural do munic\u00edpio de Paula Freitas.<\/p>\n\n\n\n<p>De acordo com as informa\u00e7\u00f5es da Pol\u00edcia Militar o homem foi encontrado morto dentro de um c\u00f3rrego que fica em meio a um matagal, na localidade da Col\u00f4nia Faxinal.<\/p>\n\n\n\n<p>Familiar da v\u00edtima foi quem acionou os policiais e indicou o lugar onde o homem estava morto.<\/p>\n\n\n\n<p>A equipe da Pol\u00edcia Militar n\u00e3o divulgou informa\u00e7\u00f5es se havia ind\u00edcios de crime no local da morte.<\/p>\n\n\n\n<p>O homem foi identificado apenas pelas iniciais \u201cJ. K.\u201d de 64 anos.<\/p>\n\n\n\n<figure class=\"wp-block-image size-full\"><img decoding=\"async\" src=\"https:\/\/radiostudiow.com.br\/site\/wp-content\/uploads\/2021\/08\/BAHNIUK.jpg\" alt=\"\" class=\"wp-image-3191\"\/><\/figure>\n","protected":false},"excerpt":{"rendered":"<p>O Instituto M\u00e9dico Legal \u2013 IML de Uni\u00e3o da Vit\u00f3ria foi acionado por volta das 13:00 horas dessa segunda-feira, 16 de agosto, para recolher o corpo de um homem na \u00e1rea rural do munic\u00edpio de Paula Freitas. De acordo com as informa\u00e7\u00f5es da Pol\u00edcia Militar o homem foi encontrado morto dentro de um c\u00f3rrego que [&hellip;]<\/p>\n","protected":false},"author":2,"featured_media":2335,"comment_status":"open","ping_status":"open","sticky":false,"template":"","format":"standard","meta":{"footnotes":""},"categories":[2],"tags":[172],"class_list":["post-3283","post","type-post","status-publish","format-standard","has-post-thumbnail","hentry","category-policial","tag-featured"],"amp_enabled":true,"_links":{"self":[{"href":"https:\/\/radiostudiow.com.br\/site\/wp-json\/wp\/v2\/posts\/3283","targetHints":{"allow":["GET"]}}],"collection":[{"href":"https:\/\/radiostudiow.com.br\/site\/wp-json\/wp\/v2\/posts"}],"about":[{"href":"https:\/\/radiostudiow.com.br\/site\/wp-json\/wp\/v2\/types\/post"}],"author":[{"embeddable":true,"href":"https:\/\/radiostudiow.com.br\/site\/wp-json\/wp\/v2\/users\/2"}],"replies":[{"embeddable":true,"href":"https:\/\/radiostudiow.com.br\/site\/wp-json\/wp\/v2\/comments?post=3283"}],"version-history":[{"count":1,"href":"https:\/\/radiostudiow.com.br\/site\/wp-json\/wp\/v2\/posts\/3283\/revisions"}],"predecessor-version":[{"id":3284,"href":"https:\/\/radiostudiow.com.br\/site\/wp-json\/wp\/v2\/posts\/3283\/revisions\/3284"}],"wp:featuredmedia":[{"embeddable":true,"href":"https:\/\/radiostudiow.com.br\/site\/wp-json\/wp\/v2\/media\/2335"}],"wp:attachment":[{"href":"https:\/\/radiostudiow.com.br\/site\/wp-json\/wp\/v2\/media?parent=3283"}],"wp:term":[{"taxonomy":"category","embeddable":true,"href":"https:\/\/radiostudiow.com.br\/site\/wp-json\/wp\/v2\/categories?post=3283"},{"taxonomy":"post_tag","embeddable":true,"href":"https:\/\/radiostudiow.com.br\/site\/wp-json\/wp\/v2\/tags?post=3283"}],"curies":[{"name":"wp","href":"https:\/\/api.w.org\/{rel}","templated":true}]}}