{"id":32830,"date":"2025-01-13T09:55:14","date_gmt":"2025-01-13T12:55:14","guid":{"rendered":"https:\/\/radiostudiow.com.br\/site\/?p=32830"},"modified":"2025-01-31T14:56:43","modified_gmt":"2025-01-31T17:56:43","slug":"pm-de-sao-mateus-do-sul-registra-caso-de-ameaca","status":"publish","type":"post","link":"https:\/\/radiostudiow.com.br\/site\/2025\/01\/13\/pm-de-sao-mateus-do-sul-registra-caso-de-ameaca\/","title":{"rendered":"PM de S\u00e3o Mateus do Sul registra caso de amea\u00e7a"},"content":{"rendered":"\n<p>A equipe da Pol\u00edcia Militar de S\u00e3o Mateus do Sul foi acionada para verificar situa\u00e7\u00e3o de amea\u00e7a, envolvendo uma pessoa com faca na noite de domingo (12).<\/p>\n\n\n\n<figure class=\"wp-block-image size-full\"><img loading=\"lazy\" decoding=\"async\" width=\"598\" height=\"204\" src=\"https:\/\/radiostudiow.com.br\/site\/wp-content\/uploads\/2025\/01\/SITE-MEDIO3.png\" alt=\"\" class=\"wp-image-32815\" srcset=\"https:\/\/radiostudiow.com.br\/site\/wp-content\/uploads\/2025\/01\/SITE-MEDIO3.png 598w, https:\/\/radiostudiow.com.br\/site\/wp-content\/uploads\/2025\/01\/SITE-MEDIO3-300x102.png 300w\" sizes=\"auto, (max-width: 598px) 100vw, 598px\" \/><\/figure>\n\n\n\n<p>No local, autor relatou que outro homem, teria tentado agredi-lo, mas que ele apenas se defendeu, e n\u00e3o usou nenhuma faca. J\u00e1 em conversa com a outra parte envolvida, relatou que o autor chegou com uma faca, lhe amea\u00e7ando.<\/p>\n\n\n\n<p>Ambas as partes afirmaram n\u00e3o ter o desejo de representar pelos fatos. Assim sendo, foram orientados e liberados.<\/p>\n","protected":false},"excerpt":{"rendered":"<p>A equipe da Pol\u00edcia Militar de S\u00e3o Mateus do Sul foi acionada para verificar situa\u00e7\u00e3o de amea\u00e7a, envolvendo uma pessoa com faca na noite de domingo (12). No local, autor relatou que outro homem, teria tentado agredi-lo, mas que ele apenas se defendeu, e n\u00e3o usou nenhuma faca. J\u00e1 em conversa com a outra parte [&hellip;]<\/p>\n","protected":false},"author":2,"featured_media":30530,"comment_status":"open","ping_status":"open","sticky":false,"template":"","format":"standard","meta":{"footnotes":""},"categories":[2],"tags":[172],"class_list":["post-32830","post","type-post","status-publish","format-standard","has-post-thumbnail","hentry","category-policial","tag-featured"],"amp_enabled":true,"_links":{"self":[{"href":"https:\/\/radiostudiow.com.br\/site\/wp-json\/wp\/v2\/posts\/32830","targetHints":{"allow":["GET"]}}],"collection":[{"href":"https:\/\/radiostudiow.com.br\/site\/wp-json\/wp\/v2\/posts"}],"about":[{"href":"https:\/\/radiostudiow.com.br\/site\/wp-json\/wp\/v2\/types\/post"}],"author":[{"embeddable":true,"href":"https:\/\/radiostudiow.com.br\/site\/wp-json\/wp\/v2\/users\/2"}],"replies":[{"embeddable":true,"href":"https:\/\/radiostudiow.com.br\/site\/wp-json\/wp\/v2\/comments?post=32830"}],"version-history":[{"count":1,"href":"https:\/\/radiostudiow.com.br\/site\/wp-json\/wp\/v2\/posts\/32830\/revisions"}],"predecessor-version":[{"id":32831,"href":"https:\/\/radiostudiow.com.br\/site\/wp-json\/wp\/v2\/posts\/32830\/revisions\/32831"}],"wp:featuredmedia":[{"embeddable":true,"href":"https:\/\/radiostudiow.com.br\/site\/wp-json\/wp\/v2\/media\/30530"}],"wp:attachment":[{"href":"https:\/\/radiostudiow.com.br\/site\/wp-json\/wp\/v2\/media?parent=32830"}],"wp:term":[{"taxonomy":"category","embeddable":true,"href":"https:\/\/radiostudiow.com.br\/site\/wp-json\/wp\/v2\/categories?post=32830"},{"taxonomy":"post_tag","embeddable":true,"href":"https:\/\/radiostudiow.com.br\/site\/wp-json\/wp\/v2\/tags?post=32830"}],"curies":[{"name":"wp","href":"https:\/\/api.w.org\/{rel}","templated":true}]}}