{"id":32832,"date":"2025-01-13T10:01:01","date_gmt":"2025-01-13T13:01:01","guid":{"rendered":"https:\/\/radiostudiow.com.br\/site\/?p=32832"},"modified":"2025-01-31T14:56:43","modified_gmt":"2025-01-31T17:56:43","slug":"pm-registra-caso-de-violencia-domestica-em-sao-mateus-do-sul","status":"publish","type":"post","link":"https:\/\/radiostudiow.com.br\/site\/2025\/01\/13\/pm-registra-caso-de-violencia-domestica-em-sao-mateus-do-sul\/","title":{"rendered":"PM registra caso de viol\u00eancia dom\u00e9stica em S\u00e3o Mateus do Sul"},"content":{"rendered":"\n<p>Uma mulher relatou para a Pol\u00edcia Militar de S\u00e3o Mateus do Sul que foi agredida com um tapa no rosto por seu convivente, ap\u00f3s um desentendimento por volta das 19:44 horas desse domingo (12).<\/p>\n\n\n\n<figure class=\"wp-block-image size-full\"><img loading=\"lazy\" decoding=\"async\" width=\"300\" height=\"180\" src=\"https:\/\/radiostudiow.com.br\/site\/wp-content\/uploads\/2025\/01\/SITE-PEQUENO.png\" alt=\"\" class=\"wp-image-32833\"\/><\/figure>\n\n\n\n<p>Por sua vez, o autor informou que o motivo da discuss\u00e3o seria pelo fato do t\u00e9rmino do relacionamento. Autor negou ter agredido a mulher.<\/p>\n\n\n\n<p>Diante dos fatos as partes foram encaminhadas a delegacia para esclarecimento.<\/p>\n","protected":false},"excerpt":{"rendered":"<p>Uma mulher relatou para a Pol\u00edcia Militar de S\u00e3o Mateus do Sul que foi agredida com um tapa no rosto por seu convivente, ap\u00f3s um desentendimento por volta das 19:44 horas desse domingo (12). Por sua vez, o autor informou que o motivo da discuss\u00e3o seria pelo fato do t\u00e9rmino do relacionamento. Autor negou ter [&hellip;]<\/p>\n","protected":false},"author":2,"featured_media":29518,"comment_status":"open","ping_status":"open","sticky":false,"template":"","format":"standard","meta":{"footnotes":""},"categories":[2],"tags":[172],"class_list":["post-32832","post","type-post","status-publish","format-standard","has-post-thumbnail","hentry","category-policial","tag-featured"],"amp_enabled":true,"_links":{"self":[{"href":"https:\/\/radiostudiow.com.br\/site\/wp-json\/wp\/v2\/posts\/32832","targetHints":{"allow":["GET"]}}],"collection":[{"href":"https:\/\/radiostudiow.com.br\/site\/wp-json\/wp\/v2\/posts"}],"about":[{"href":"https:\/\/radiostudiow.com.br\/site\/wp-json\/wp\/v2\/types\/post"}],"author":[{"embeddable":true,"href":"https:\/\/radiostudiow.com.br\/site\/wp-json\/wp\/v2\/users\/2"}],"replies":[{"embeddable":true,"href":"https:\/\/radiostudiow.com.br\/site\/wp-json\/wp\/v2\/comments?post=32832"}],"version-history":[{"count":2,"href":"https:\/\/radiostudiow.com.br\/site\/wp-json\/wp\/v2\/posts\/32832\/revisions"}],"predecessor-version":[{"id":32837,"href":"https:\/\/radiostudiow.com.br\/site\/wp-json\/wp\/v2\/posts\/32832\/revisions\/32837"}],"wp:featuredmedia":[{"embeddable":true,"href":"https:\/\/radiostudiow.com.br\/site\/wp-json\/wp\/v2\/media\/29518"}],"wp:attachment":[{"href":"https:\/\/radiostudiow.com.br\/site\/wp-json\/wp\/v2\/media?parent=32832"}],"wp:term":[{"taxonomy":"category","embeddable":true,"href":"https:\/\/radiostudiow.com.br\/site\/wp-json\/wp\/v2\/categories?post=32832"},{"taxonomy":"post_tag","embeddable":true,"href":"https:\/\/radiostudiow.com.br\/site\/wp-json\/wp\/v2\/tags?post=32832"}],"curies":[{"name":"wp","href":"https:\/\/api.w.org\/{rel}","templated":true}]}}