{"id":32838,"date":"2025-01-13T10:12:55","date_gmt":"2025-01-13T13:12:55","guid":{"rendered":"https:\/\/radiostudiow.com.br\/site\/?p=32838"},"modified":"2025-01-31T14:56:43","modified_gmt":"2025-01-31T17:56:43","slug":"homem-atira-pelo-menos-10-vezes-contra-esposa-e-e-preso-em-flagrante-por-tentativa-de-feminicidio-em-campo-largo","status":"publish","type":"post","link":"https:\/\/radiostudiow.com.br\/site\/2025\/01\/13\/homem-atira-pelo-menos-10-vezes-contra-esposa-e-e-preso-em-flagrante-por-tentativa-de-feminicidio-em-campo-largo\/","title":{"rendered":"Homem atira pelo menos 10 vezes contra esposa e \u00e9 preso em flagrante por tentativa de feminic\u00eddio em Campo Largo"},"content":{"rendered":"\n<p>Um homem foi preso em flagrante por tentativa de feminic\u00eddio ap\u00f3s atirar, pelo menos, dez vezes contra a esposa. Um dos disparos atingiu a cabe\u00e7a dela, segundo a Pol\u00edcia Militar (PM-PR). O caso aconteceu na noite de domingo (12), em\u00a0Campo Largo, na Regi\u00e3o Metropolitana de\u00a0Curitiba\u00a0(RMC).<\/p>\n\n\n\n<figure class=\"wp-block-image size-full\"><img loading=\"lazy\" decoding=\"async\" width=\"897\" height=\"204\" src=\"https:\/\/radiostudiow.com.br\/site\/wp-content\/uploads\/2025\/01\/SITE-GRANDE5.png\" alt=\"\" class=\"wp-image-32814\" srcset=\"https:\/\/radiostudiow.com.br\/site\/wp-content\/uploads\/2025\/01\/SITE-GRANDE5.png 897w, https:\/\/radiostudiow.com.br\/site\/wp-content\/uploads\/2025\/01\/SITE-GRANDE5-300x68.png 300w, https:\/\/radiostudiow.com.br\/site\/wp-content\/uploads\/2025\/01\/SITE-GRANDE5-768x175.png 768w\" sizes=\"auto, (max-width: 897px) 100vw, 897px\" \/><\/figure>\n\n\n\n<p>De acordo com a PM, o homem chegou em casa b\u00eabado e armado. Ele disparou de forma aleat\u00f3ria e, depois, atirou contra a v\u00edtima. A bala atingiu a cabe\u00e7a da mulher que foi socorrida por um vizinho e levada para o hospital.<\/p>\n\n\n\n<p>O homem fugiu do local, mas foi encontrado e preso pela pol\u00edcia, que tamb\u00e9m apreendeu a arma. At\u00e9 a \u00faltima atualiza\u00e7\u00e3o desta reportagem, a v\u00edtima passava por cirurgia. N\u00e3o h\u00e1 detalhes sobre o estado de sa\u00fade dela.<\/p>\n\n\n\n<p>O&nbsp;<strong>g1<\/strong>&nbsp;fez contato com a Pol\u00edcia Civil (PC-PR) e aguarda retorno.<\/p>\n\n\n\n<p><em>Reportagem: G1<\/em><\/p>\n","protected":false},"excerpt":{"rendered":"<p>Um homem foi preso em flagrante por tentativa de feminic\u00eddio ap\u00f3s atirar, pelo menos, dez vezes contra a esposa. Um dos disparos atingiu a cabe\u00e7a dela, segundo a Pol\u00edcia Militar (PM-PR). O caso aconteceu na noite de domingo (12), em\u00a0Campo Largo, na Regi\u00e3o Metropolitana de\u00a0Curitiba\u00a0(RMC). De acordo com a PM, o homem chegou em casa [&hellip;]<\/p>\n","protected":false},"author":2,"featured_media":32839,"comment_status":"open","ping_status":"open","sticky":false,"template":"","format":"standard","meta":{"footnotes":""},"categories":[2],"tags":[172],"class_list":["post-32838","post","type-post","status-publish","format-standard","has-post-thumbnail","hentry","category-policial","tag-featured"],"amp_enabled":true,"_links":{"self":[{"href":"https:\/\/radiostudiow.com.br\/site\/wp-json\/wp\/v2\/posts\/32838","targetHints":{"allow":["GET"]}}],"collection":[{"href":"https:\/\/radiostudiow.com.br\/site\/wp-json\/wp\/v2\/posts"}],"about":[{"href":"https:\/\/radiostudiow.com.br\/site\/wp-json\/wp\/v2\/types\/post"}],"author":[{"embeddable":true,"href":"https:\/\/radiostudiow.com.br\/site\/wp-json\/wp\/v2\/users\/2"}],"replies":[{"embeddable":true,"href":"https:\/\/radiostudiow.com.br\/site\/wp-json\/wp\/v2\/comments?post=32838"}],"version-history":[{"count":1,"href":"https:\/\/radiostudiow.com.br\/site\/wp-json\/wp\/v2\/posts\/32838\/revisions"}],"predecessor-version":[{"id":32840,"href":"https:\/\/radiostudiow.com.br\/site\/wp-json\/wp\/v2\/posts\/32838\/revisions\/32840"}],"wp:featuredmedia":[{"embeddable":true,"href":"https:\/\/radiostudiow.com.br\/site\/wp-json\/wp\/v2\/media\/32839"}],"wp:attachment":[{"href":"https:\/\/radiostudiow.com.br\/site\/wp-json\/wp\/v2\/media?parent=32838"}],"wp:term":[{"taxonomy":"category","embeddable":true,"href":"https:\/\/radiostudiow.com.br\/site\/wp-json\/wp\/v2\/categories?post=32838"},{"taxonomy":"post_tag","embeddable":true,"href":"https:\/\/radiostudiow.com.br\/site\/wp-json\/wp\/v2\/tags?post=32838"}],"curies":[{"name":"wp","href":"https:\/\/api.w.org\/{rel}","templated":true}]}}