{"id":32843,"date":"2025-01-13T10:55:17","date_gmt":"2025-01-13T13:55:17","guid":{"rendered":"https:\/\/radiostudiow.com.br\/site\/?p=32843"},"modified":"2025-01-31T14:56:43","modified_gmt":"2025-01-31T17:56:43","slug":"pm-registrou-um-furto-qualificado-em-general-carneiro","status":"publish","type":"post","link":"https:\/\/radiostudiow.com.br\/site\/2025\/01\/13\/pm-registrou-um-furto-qualificado-em-general-carneiro\/","title":{"rendered":"PM registrou um furto qualificado em General Carneiro"},"content":{"rendered":"\n<p>A equipe da Pol\u00edcia Militar de General Carneiro se deslocou para atender uma situa\u00e7\u00e3o de furto no bairro S\u00e3o Jo\u00e3o por volta das 19:30 horas desse domingo (12).<\/p>\n\n\n\n<figure class=\"wp-block-image size-full\"><img loading=\"lazy\" decoding=\"async\" width=\"598\" height=\"204\" src=\"https:\/\/radiostudiow.com.br\/site\/wp-content\/uploads\/2025\/01\/SITE-MEDIO2.png\" alt=\"\" class=\"wp-image-32844\" srcset=\"https:\/\/radiostudiow.com.br\/site\/wp-content\/uploads\/2025\/01\/SITE-MEDIO2.png 598w, https:\/\/radiostudiow.com.br\/site\/wp-content\/uploads\/2025\/01\/SITE-MEDIO2-300x102.png 300w\" sizes=\"auto, (max-width: 598px) 100vw, 598px\" \/><\/figure>\n\n\n\n<p>Os policiais conversaram com a v\u00edtima, a qual passou a relatou que quando chegou na sua casa, percebeu uma janela quebrada e que estava faltando uma certa quantia de dinheiro, um celular e um tablet.<\/p>\n\n\n\n<p>V\u00edtima foi orientada e a equipe realizou buscas pelas imedia\u00e7\u00f5es e ruas pr\u00f3ximas afim de localizar algum suspeito, por\u00e9m n\u00e3o obtive \u00eaxito.<\/p>\n","protected":false},"excerpt":{"rendered":"<p>A equipe da Pol\u00edcia Militar de General Carneiro se deslocou para atender uma situa\u00e7\u00e3o de furto no bairro S\u00e3o Jo\u00e3o por volta das 19:30 horas desse domingo (12). Os policiais conversaram com a v\u00edtima, a qual passou a relatou que quando chegou na sua casa, percebeu uma janela quebrada e que estava faltando uma certa [&hellip;]<\/p>\n","protected":false},"author":2,"featured_media":32845,"comment_status":"open","ping_status":"open","sticky":false,"template":"","format":"standard","meta":{"footnotes":""},"categories":[2],"tags":[172],"class_list":["post-32843","post","type-post","status-publish","format-standard","has-post-thumbnail","hentry","category-policial","tag-featured"],"amp_enabled":true,"_links":{"self":[{"href":"https:\/\/radiostudiow.com.br\/site\/wp-json\/wp\/v2\/posts\/32843","targetHints":{"allow":["GET"]}}],"collection":[{"href":"https:\/\/radiostudiow.com.br\/site\/wp-json\/wp\/v2\/posts"}],"about":[{"href":"https:\/\/radiostudiow.com.br\/site\/wp-json\/wp\/v2\/types\/post"}],"author":[{"embeddable":true,"href":"https:\/\/radiostudiow.com.br\/site\/wp-json\/wp\/v2\/users\/2"}],"replies":[{"embeddable":true,"href":"https:\/\/radiostudiow.com.br\/site\/wp-json\/wp\/v2\/comments?post=32843"}],"version-history":[{"count":1,"href":"https:\/\/radiostudiow.com.br\/site\/wp-json\/wp\/v2\/posts\/32843\/revisions"}],"predecessor-version":[{"id":32846,"href":"https:\/\/radiostudiow.com.br\/site\/wp-json\/wp\/v2\/posts\/32843\/revisions\/32846"}],"wp:featuredmedia":[{"embeddable":true,"href":"https:\/\/radiostudiow.com.br\/site\/wp-json\/wp\/v2\/media\/32845"}],"wp:attachment":[{"href":"https:\/\/radiostudiow.com.br\/site\/wp-json\/wp\/v2\/media?parent=32843"}],"wp:term":[{"taxonomy":"category","embeddable":true,"href":"https:\/\/radiostudiow.com.br\/site\/wp-json\/wp\/v2\/categories?post=32843"},{"taxonomy":"post_tag","embeddable":true,"href":"https:\/\/radiostudiow.com.br\/site\/wp-json\/wp\/v2\/tags?post=32843"}],"curies":[{"name":"wp","href":"https:\/\/api.w.org\/{rel}","templated":true}]}}