{"id":32854,"date":"2025-01-13T11:49:50","date_gmt":"2025-01-13T14:49:50","guid":{"rendered":"https:\/\/radiostudiow.com.br\/site\/?p=32854"},"modified":"2025-01-31T14:56:18","modified_gmt":"2025-01-31T17:56:18","slug":"bandidos-assaltam-mercado-e-levam-dinheiro-do-caixa-em-reboucas","status":"publish","type":"post","link":"https:\/\/radiostudiow.com.br\/site\/2025\/01\/13\/bandidos-assaltam-mercado-e-levam-dinheiro-do-caixa-em-reboucas\/","title":{"rendered":"Bandidos assaltam mercado e levam dinheiro do caixa em Rebou\u00e7as"},"content":{"rendered":"\n<p>A equipe da Pol\u00edcia Militar de Rebou\u00e7as foi acionada para atender a uma ocorr\u00eancia de assalto no centro da cidade por volta das 13:30 horas tarde deste s\u00e1bado, 11 de janeiro, na Rua Bento Cordeiro, em um mercado, onde a propriet\u00e1ria relatou ter sido v\u00edtima de dois homens armados.<\/p>\n\n\n\n<figure class=\"wp-block-image size-full\"><img loading=\"lazy\" decoding=\"async\" width=\"897\" height=\"204\" src=\"https:\/\/radiostudiow.com.br\/site\/wp-content\/uploads\/2025\/01\/SITE-GRANDE2.png\" alt=\"\" class=\"wp-image-32805\" srcset=\"https:\/\/radiostudiow.com.br\/site\/wp-content\/uploads\/2025\/01\/SITE-GRANDE2.png 897w, https:\/\/radiostudiow.com.br\/site\/wp-content\/uploads\/2025\/01\/SITE-GRANDE2-300x68.png 300w, https:\/\/radiostudiow.com.br\/site\/wp-content\/uploads\/2025\/01\/SITE-GRANDE2-768x175.png 768w\" sizes=\"auto, (max-width: 897px) 100vw, 897px\" \/><\/figure>\n\n\n\n<p>De acordo com a v\u00edtima, os criminosos chegaram ao estabelecimento usando blusas escuras e capuzes, anunciaram o assalto e levaram uma quantia em dinheiro do caixa. Ap\u00f3s o crime, a dupla fugiu em uma motocicleta, tomando rumo desconhecido.<\/p>\n\n\n\n<p>Imediatamente, a pol\u00edcia iniciou buscas por toda a cidade, por\u00e9m, at\u00e9 o momento, os autores do crime n\u00e3o foram localizados.<\/p>\n\n\n\n<figure class=\"wp-block-image size-full\"><img loading=\"lazy\" decoding=\"async\" width=\"897\" height=\"204\" src=\"https:\/\/radiostudiow.com.br\/site\/wp-content\/uploads\/2025\/01\/SITE-GRANDE6.png\" alt=\"\" class=\"wp-image-32870\" srcset=\"https:\/\/radiostudiow.com.br\/site\/wp-content\/uploads\/2025\/01\/SITE-GRANDE6.png 897w, https:\/\/radiostudiow.com.br\/site\/wp-content\/uploads\/2025\/01\/SITE-GRANDE6-300x68.png 300w, https:\/\/radiostudiow.com.br\/site\/wp-content\/uploads\/2025\/01\/SITE-GRANDE6-768x175.png 768w\" sizes=\"auto, (max-width: 897px) 100vw, 897px\" \/><\/figure>\n\n\n\n<p>A investiga\u00e7\u00e3o segue em andamento, e a pol\u00edcia solicita que qualquer pessoa que tenha informa\u00e7\u00f5es sobre o caso entre em contato para auxiliar nas apura\u00e7\u00f5es.<\/p>\n\n\n\n<p>Com informa\u00e7\u00f5es da Pol\u00edcia Militar.<a href=\"https:\/\/api.whatsapp.com\/send?text=Bandidos%20assaltam%20mercado%20em%20Rebou%C3%A7as;%20dinheiro%20do%20caixa%20%C3%A9%20levado%20-%20https:\/\/alvoradanoar.com.br\/noticia\/685870\" target=\"_blank\" rel=\"noreferrer noopener\"><\/a><\/p>\n","protected":false},"excerpt":{"rendered":"<p>A equipe da Pol\u00edcia Militar de Rebou\u00e7as foi acionada para atender a uma ocorr\u00eancia de assalto no centro da cidade por volta das 13:30 horas tarde deste s\u00e1bado, 11 de janeiro, na Rua Bento Cordeiro, em um mercado, onde a propriet\u00e1ria relatou ter sido v\u00edtima de dois homens armados. De acordo com a v\u00edtima, os [&hellip;]<\/p>\n","protected":false},"author":2,"featured_media":32892,"comment_status":"open","ping_status":"open","sticky":false,"template":"","format":"standard","meta":{"footnotes":""},"categories":[2],"tags":[172],"class_list":["post-32854","post","type-post","status-publish","format-standard","has-post-thumbnail","hentry","category-policial","tag-featured"],"amp_enabled":true,"_links":{"self":[{"href":"https:\/\/radiostudiow.com.br\/site\/wp-json\/wp\/v2\/posts\/32854","targetHints":{"allow":["GET"]}}],"collection":[{"href":"https:\/\/radiostudiow.com.br\/site\/wp-json\/wp\/v2\/posts"}],"about":[{"href":"https:\/\/radiostudiow.com.br\/site\/wp-json\/wp\/v2\/types\/post"}],"author":[{"embeddable":true,"href":"https:\/\/radiostudiow.com.br\/site\/wp-json\/wp\/v2\/users\/2"}],"replies":[{"embeddable":true,"href":"https:\/\/radiostudiow.com.br\/site\/wp-json\/wp\/v2\/comments?post=32854"}],"version-history":[{"count":2,"href":"https:\/\/radiostudiow.com.br\/site\/wp-json\/wp\/v2\/posts\/32854\/revisions"}],"predecessor-version":[{"id":32893,"href":"https:\/\/radiostudiow.com.br\/site\/wp-json\/wp\/v2\/posts\/32854\/revisions\/32893"}],"wp:featuredmedia":[{"embeddable":true,"href":"https:\/\/radiostudiow.com.br\/site\/wp-json\/wp\/v2\/media\/32892"}],"wp:attachment":[{"href":"https:\/\/radiostudiow.com.br\/site\/wp-json\/wp\/v2\/media?parent=32854"}],"wp:term":[{"taxonomy":"category","embeddable":true,"href":"https:\/\/radiostudiow.com.br\/site\/wp-json\/wp\/v2\/categories?post=32854"},{"taxonomy":"post_tag","embeddable":true,"href":"https:\/\/radiostudiow.com.br\/site\/wp-json\/wp\/v2\/tags?post=32854"}],"curies":[{"name":"wp","href":"https:\/\/api.w.org\/{rel}","templated":true}]}}