{"id":32856,"date":"2025-01-13T11:54:31","date_gmt":"2025-01-13T14:54:31","guid":{"rendered":"https:\/\/radiostudiow.com.br\/site\/?p=32856"},"modified":"2025-01-31T14:56:18","modified_gmt":"2025-01-31T17:56:18","slug":"trator-e-equipamentos-sao-furtados-de-propriedade-rural-em-fernandes-pinheiro","status":"publish","type":"post","link":"https:\/\/radiostudiow.com.br\/site\/2025\/01\/13\/trator-e-equipamentos-sao-furtados-de-propriedade-rural-em-fernandes-pinheiro\/","title":{"rendered":"Trator e equipamentos s\u00e3o furtados de propriedade rural em Fernandes Pinheiro"},"content":{"rendered":"\n<p>Um senhor compareceu ao destacamento da Pol\u00edcia Militar de Fernandes Pinheiro por volta das 08:40 horas na manh\u00e3 de s\u00e1bado, 11 de janeiro, para registrar um furto ocorrido na madrugada do mesmo dia. <\/p>\n\n\n\n<figure class=\"wp-block-image size-full\"><img loading=\"lazy\" decoding=\"async\" width=\"300\" height=\"180\" src=\"https:\/\/radiostudiow.com.br\/site\/wp-content\/uploads\/2025\/01\/SITE-PEQUENO2.png\" alt=\"\" class=\"wp-image-32894\"\/><\/figure>\n\n\n\n<p>O solicitante relatou que trabalha como caseiro em uma propriedade localizada \u00e0s margens da BR-277, nas proximidades do trevo de acesso ao munic\u00edpio.<\/p>\n\n\n\n<p>O solicitante relatou que criminosos invadiram a resid\u00eancia e levaram diversos itens, incluindo um trator do tipo Tobata, uma ro\u00e7adeira e algumas bebidas. A invas\u00e3o aconteceu pela lateral da propriedade, onde os autores quebraram a cerca em dois pontos e tamb\u00e9m arrombaram uma das portas da resid\u00eancia.<\/p>\n\n\n\n<figure class=\"wp-block-image size-full\"><img loading=\"lazy\" decoding=\"async\" width=\"897\" height=\"204\" src=\"https:\/\/radiostudiow.com.br\/site\/wp-content\/uploads\/2025\/01\/SITE-GRANDE6.png\" alt=\"\" class=\"wp-image-32870\" srcset=\"https:\/\/radiostudiow.com.br\/site\/wp-content\/uploads\/2025\/01\/SITE-GRANDE6.png 897w, https:\/\/radiostudiow.com.br\/site\/wp-content\/uploads\/2025\/01\/SITE-GRANDE6-300x68.png 300w, https:\/\/radiostudiow.com.br\/site\/wp-content\/uploads\/2025\/01\/SITE-GRANDE6-768x175.png 768w\" sizes=\"auto, (max-width: 897px) 100vw, 897px\" \/><\/figure>\n\n\n\n<p>A equipe policial se deslocou at\u00e9 o local do ocorrido, acompanhada pelo caseiro, para averiguar os danos e a situa\u00e7\u00e3o do furto. Durante a vistoria, os policiais confirmaram o roubo dos itens mencionados.<\/p>\n\n\n\n<p>O caseiro foi orientado sobre os procedimentos legais a serem seguidos e foi encaminhado a dar continuidade ao registro do boletim de ocorr\u00eancia na Delegacia de Pol\u00edcia Civil, onde ele tamb\u00e9m foi orientado a apresentar as imagens das c\u00e2meras de seguran\u00e7a da propriedade, que podem ajudar na identifica\u00e7\u00e3o dos respons\u00e1veis pelo crime.<\/p>\n\n\n\n<p><em>Com informa\u00e7\u00f5es da Pol\u00edcia Militar.<\/em><a href=\"https:\/\/api.whatsapp.com\/send?text=Furto%20em%20propriedade%20rural%20em%20Fernandes%20Pinheiro:%20Trator%20e%20equipamentos%20s%C3%A3o%20levados%20-%20https:\/\/alvoradanoar.com.br\/noticia\/685873\" target=\"_blank\" rel=\"noreferrer noopener\"><\/a><\/p>\n","protected":false},"excerpt":{"rendered":"<p>Um senhor compareceu ao destacamento da Pol\u00edcia Militar de Fernandes Pinheiro por volta das 08:40 horas na manh\u00e3 de s\u00e1bado, 11 de janeiro, para registrar um furto ocorrido na madrugada do mesmo dia. O solicitante relatou que trabalha como caseiro em uma propriedade localizada \u00e0s margens da BR-277, nas proximidades do trevo de acesso ao [&hellip;]<\/p>\n","protected":false},"author":2,"featured_media":32895,"comment_status":"open","ping_status":"open","sticky":false,"template":"","format":"standard","meta":{"footnotes":""},"categories":[2],"tags":[172],"class_list":["post-32856","post","type-post","status-publish","format-standard","has-post-thumbnail","hentry","category-policial","tag-featured"],"amp_enabled":true,"_links":{"self":[{"href":"https:\/\/radiostudiow.com.br\/site\/wp-json\/wp\/v2\/posts\/32856","targetHints":{"allow":["GET"]}}],"collection":[{"href":"https:\/\/radiostudiow.com.br\/site\/wp-json\/wp\/v2\/posts"}],"about":[{"href":"https:\/\/radiostudiow.com.br\/site\/wp-json\/wp\/v2\/types\/post"}],"author":[{"embeddable":true,"href":"https:\/\/radiostudiow.com.br\/site\/wp-json\/wp\/v2\/users\/2"}],"replies":[{"embeddable":true,"href":"https:\/\/radiostudiow.com.br\/site\/wp-json\/wp\/v2\/comments?post=32856"}],"version-history":[{"count":2,"href":"https:\/\/radiostudiow.com.br\/site\/wp-json\/wp\/v2\/posts\/32856\/revisions"}],"predecessor-version":[{"id":32896,"href":"https:\/\/radiostudiow.com.br\/site\/wp-json\/wp\/v2\/posts\/32856\/revisions\/32896"}],"wp:featuredmedia":[{"embeddable":true,"href":"https:\/\/radiostudiow.com.br\/site\/wp-json\/wp\/v2\/media\/32895"}],"wp:attachment":[{"href":"https:\/\/radiostudiow.com.br\/site\/wp-json\/wp\/v2\/media?parent=32856"}],"wp:term":[{"taxonomy":"category","embeddable":true,"href":"https:\/\/radiostudiow.com.br\/site\/wp-json\/wp\/v2\/categories?post=32856"},{"taxonomy":"post_tag","embeddable":true,"href":"https:\/\/radiostudiow.com.br\/site\/wp-json\/wp\/v2\/tags?post=32856"}],"curies":[{"name":"wp","href":"https:\/\/api.w.org\/{rel}","templated":true}]}}