{"id":32858,"date":"2025-01-13T11:31:25","date_gmt":"2025-01-13T14:31:25","guid":{"rendered":"https:\/\/radiostudiow.com.br\/site\/?p=32858"},"modified":"2025-01-31T14:56:43","modified_gmt":"2025-01-31T17:56:43","slug":"acidente-na-br-277-deixa-seis-pessoas-feridas-e-uma-morta-em-guarapuava","status":"publish","type":"post","link":"https:\/\/radiostudiow.com.br\/site\/2025\/01\/13\/acidente-na-br-277-deixa-seis-pessoas-feridas-e-uma-morta-em-guarapuava\/","title":{"rendered":"Acidente na BR 277 deixa seis pessoas feridas e uma morta em Guarapuava"},"content":{"rendered":"\n<p>Um acidente do tipo colis\u00e3o frontal, envolvendo tr\u00eas ve\u00edculos, seis pessoas e resultando em uma pessoa em \u00f3bito por volta das 07 horas deste domingo, 12 de janeiro, no Km 328 da BR-277, pr\u00f3ximo \u00e0 Ponte Rio das Pedras, munic\u00edpio de Guarapuava.<\/p>\n\n\n\n<figure class=\"wp-block-image size-full\"><img loading=\"lazy\" decoding=\"async\" width=\"897\" height=\"204\" src=\"https:\/\/radiostudiow.com.br\/site\/wp-content\/uploads\/2025\/01\/SITE-GRANDE2.png\" alt=\"\" class=\"wp-image-32805\" srcset=\"https:\/\/radiostudiow.com.br\/site\/wp-content\/uploads\/2025\/01\/SITE-GRANDE2.png 897w, https:\/\/radiostudiow.com.br\/site\/wp-content\/uploads\/2025\/01\/SITE-GRANDE2-300x68.png 300w, https:\/\/radiostudiow.com.br\/site\/wp-content\/uploads\/2025\/01\/SITE-GRANDE2-768x175.png 768w\" sizes=\"auto, (max-width: 897px) 100vw, 897px\" \/><\/figure>\n\n\n\n<p>Os ve\u00edculos envolvidos foram: Uma T-Cross de cor branca e emplacamento de S\u00e3o Paulo\/SP, uma BMW de cor prata e emplacamento de Campo Largo\/PR e uma Saveiro de cor branca e emplacamento de Guarapuava\/PR.<\/p>\n\n\n\n<p>O condutor do T-Cross, homem de 41 anos, permaneceu ileso. Entre os passageiros, uma mulher de 65 anos, foi a \u00f3bito no local. Duas passageiras, mulheres de 39 e 16 anos, foram encaminhadas com ferimentos leves para o UPA Batel de Guarapuava.<\/p>\n\n\n\n<p>O condutor da BMW, homem de 47 anos, teve ferimentos leves, realizou o teste do baf\u00f4metro com resultado 0,14mg\/L de \u00e1lcool e foi encaminhado para atendimento m\u00e9dico em Guarapuava.<\/p>\n\n\n\n<figure class=\"wp-block-image size-full\"><img loading=\"lazy\" decoding=\"async\" width=\"897\" height=\"204\" src=\"https:\/\/radiostudiow.com.br\/site\/wp-content\/uploads\/2025\/01\/SITE-GRANDE6.png\" alt=\"\" class=\"wp-image-32870\" srcset=\"https:\/\/radiostudiow.com.br\/site\/wp-content\/uploads\/2025\/01\/SITE-GRANDE6.png 897w, https:\/\/radiostudiow.com.br\/site\/wp-content\/uploads\/2025\/01\/SITE-GRANDE6-300x68.png 300w, https:\/\/radiostudiow.com.br\/site\/wp-content\/uploads\/2025\/01\/SITE-GRANDE6-768x175.png 768w\" sizes=\"auto, (max-width: 897px) 100vw, 897px\" \/><\/figure>\n\n\n\n<p>O condutor da Saveiro, homem de 56 anos, teve ferimentos leves e foi encaminhado para atendimento m\u00e9dico em Guarapuava.&nbsp;<\/p>\n\n\n\n<p>Houve interdi\u00e7\u00e3o parcial da rodovia, com fluxo de ve\u00edculos no sistema PARE e SIGA, para realiza\u00e7\u00e3o de per\u00edcia e remo\u00e7\u00e3o dos ve\u00edculos envolvidos no acidente. Pista totalmente liberada \u00e0s 10 horas e 30 minutos.<\/p>\n\n\n\n<p><em>Com informa\u00e7\u00f5es da PRF.<\/em><\/p>\n\n\n\n<p><a href=\"https:\/\/api.whatsapp.com\/send?text=Acidente%20na%20BR%20277%20deixa%20seis%20pessoas%20feridas%20e%20uma%20morta%20em%20Guarapuava%20-%20https:\/\/alvoradanoar.com.br\/noticia\/685898\" target=\"_blank\" rel=\"noreferrer noopener\"><\/a><\/p>\n","protected":false},"excerpt":{"rendered":"<p>Um acidente do tipo colis\u00e3o frontal, envolvendo tr\u00eas ve\u00edculos, seis pessoas e resultando em uma pessoa em \u00f3bito por volta das 07 horas deste domingo, 12 de janeiro, no Km 328 da BR-277, pr\u00f3ximo \u00e0 Ponte Rio das Pedras, munic\u00edpio de Guarapuava. Os ve\u00edculos envolvidos foram: Uma T-Cross de cor branca e emplacamento de S\u00e3o [&hellip;]<\/p>\n","protected":false},"author":2,"featured_media":32859,"comment_status":"open","ping_status":"open","sticky":false,"template":"","format":"standard","meta":{"footnotes":""},"categories":[185],"tags":[172],"class_list":["post-32858","post","type-post","status-publish","format-standard","has-post-thumbnail","hentry","category-regional","tag-featured"],"amp_enabled":true,"_links":{"self":[{"href":"https:\/\/radiostudiow.com.br\/site\/wp-json\/wp\/v2\/posts\/32858","targetHints":{"allow":["GET"]}}],"collection":[{"href":"https:\/\/radiostudiow.com.br\/site\/wp-json\/wp\/v2\/posts"}],"about":[{"href":"https:\/\/radiostudiow.com.br\/site\/wp-json\/wp\/v2\/types\/post"}],"author":[{"embeddable":true,"href":"https:\/\/radiostudiow.com.br\/site\/wp-json\/wp\/v2\/users\/2"}],"replies":[{"embeddable":true,"href":"https:\/\/radiostudiow.com.br\/site\/wp-json\/wp\/v2\/comments?post=32858"}],"version-history":[{"count":2,"href":"https:\/\/radiostudiow.com.br\/site\/wp-json\/wp\/v2\/posts\/32858\/revisions"}],"predecessor-version":[{"id":32882,"href":"https:\/\/radiostudiow.com.br\/site\/wp-json\/wp\/v2\/posts\/32858\/revisions\/32882"}],"wp:featuredmedia":[{"embeddable":true,"href":"https:\/\/radiostudiow.com.br\/site\/wp-json\/wp\/v2\/media\/32859"}],"wp:attachment":[{"href":"https:\/\/radiostudiow.com.br\/site\/wp-json\/wp\/v2\/media?parent=32858"}],"wp:term":[{"taxonomy":"category","embeddable":true,"href":"https:\/\/radiostudiow.com.br\/site\/wp-json\/wp\/v2\/categories?post=32858"},{"taxonomy":"post_tag","embeddable":true,"href":"https:\/\/radiostudiow.com.br\/site\/wp-json\/wp\/v2\/tags?post=32858"}],"curies":[{"name":"wp","href":"https:\/\/api.w.org\/{rel}","templated":true}]}}