{"id":3286,"date":"2021-08-18T14:02:49","date_gmt":"2021-08-18T17:02:49","guid":{"rendered":"https:\/\/radiostudiow.com.br\/site\/?p=3286"},"modified":"2025-01-31T15:12:31","modified_gmt":"2025-01-31T18:12:31","slug":"jovem-esta-desaparecido-em-paula-freitas","status":"publish","type":"post","link":"https:\/\/radiostudiow.com.br\/site\/2021\/08\/18\/jovem-esta-desaparecido-em-paula-freitas\/","title":{"rendered":"Jovem est\u00e1 desaparecido em Paula Freitas"},"content":{"rendered":"\n<p><strong>Um jovem identificado como Daniel Fernando Narcizo, est\u00e1 desaparecido na cidade de Paula Freitas desde o \u00faltimo domingo, 15 de agosto de 2021.<\/strong><\/p>\n\n\n\n<p>Os familiares da v\u00edtima relataram que o jovem saiu de casa \u00e0s 14:30 horas e foi visto pela \u00faltima vez por volta das 16:00 horas. Sendo que desde ent\u00e3o n\u00e3o deu not\u00edcias para a fam\u00edlia.<\/p>\n\n\n\n<p><strong>QUANDO SAIU DE CASA ELE ESTAVA TRAJANDO MOLETOM VERMELHO, CAL\u00c7A CINZA, CHINELO E BON\u00c9 PRETO.<\/strong><\/p>\n\n\n\n<p>A fam\u00edlia ainda relatou para a Pol\u00edcia que o rapaz nunca se ausentou de casa por esse longo per\u00edodo. Ele tamb\u00e9m faz uso de medicamentos controlados para convuls\u00e3o.<\/p>\n\n\n\n<p>At\u00e9 o fechamento desta mat\u00e9ria a Pol\u00edcia n\u00e3o tinha divulgado nenhuma informa\u00e7\u00e3o, indicando que o jovem teria sido localizado.<\/p>\n\n\n\n<figure class=\"wp-block-image size-large\"><img decoding=\"async\" src=\"https:\/\/radiostudiow.com.br\/site\/wp-content\/uploads\/2021\/08\/236572042_2987376791536812_416444317057664414_n-1024x811.jpg\" alt=\"\" class=\"wp-image-3287\"\/><\/figure>\n","protected":false},"excerpt":{"rendered":"<p>Um jovem identificado como Daniel Fernando Narcizo, est\u00e1 desaparecido na cidade de Paula Freitas desde o \u00faltimo domingo, 15 de agosto de 2021. Os familiares da v\u00edtima relataram que o jovem saiu de casa \u00e0s 14:30 horas e foi visto pela \u00faltima vez por volta das 16:00 horas. Sendo que desde ent\u00e3o n\u00e3o deu not\u00edcias [&hellip;]<\/p>\n","protected":false},"author":2,"featured_media":3175,"comment_status":"open","ping_status":"open","sticky":false,"template":"","format":"standard","meta":{"footnotes":""},"categories":[2],"tags":[172],"class_list":["post-3286","post","type-post","status-publish","format-standard","has-post-thumbnail","hentry","category-policial","tag-featured"],"amp_enabled":true,"_links":{"self":[{"href":"https:\/\/radiostudiow.com.br\/site\/wp-json\/wp\/v2\/posts\/3286","targetHints":{"allow":["GET"]}}],"collection":[{"href":"https:\/\/radiostudiow.com.br\/site\/wp-json\/wp\/v2\/posts"}],"about":[{"href":"https:\/\/radiostudiow.com.br\/site\/wp-json\/wp\/v2\/types\/post"}],"author":[{"embeddable":true,"href":"https:\/\/radiostudiow.com.br\/site\/wp-json\/wp\/v2\/users\/2"}],"replies":[{"embeddable":true,"href":"https:\/\/radiostudiow.com.br\/site\/wp-json\/wp\/v2\/comments?post=3286"}],"version-history":[{"count":2,"href":"https:\/\/radiostudiow.com.br\/site\/wp-json\/wp\/v2\/posts\/3286\/revisions"}],"predecessor-version":[{"id":3289,"href":"https:\/\/radiostudiow.com.br\/site\/wp-json\/wp\/v2\/posts\/3286\/revisions\/3289"}],"wp:featuredmedia":[{"embeddable":true,"href":"https:\/\/radiostudiow.com.br\/site\/wp-json\/wp\/v2\/media\/3175"}],"wp:attachment":[{"href":"https:\/\/radiostudiow.com.br\/site\/wp-json\/wp\/v2\/media?parent=3286"}],"wp:term":[{"taxonomy":"category","embeddable":true,"href":"https:\/\/radiostudiow.com.br\/site\/wp-json\/wp\/v2\/categories?post=3286"},{"taxonomy":"post_tag","embeddable":true,"href":"https:\/\/radiostudiow.com.br\/site\/wp-json\/wp\/v2\/tags?post=3286"}],"curies":[{"name":"wp","href":"https:\/\/api.w.org\/{rel}","templated":true}]}}