{"id":32861,"date":"2025-01-13T11:48:06","date_gmt":"2025-01-13T14:48:06","guid":{"rendered":"https:\/\/radiostudiow.com.br\/site\/?p=32861"},"modified":"2025-01-31T14:56:18","modified_gmt":"2025-01-31T17:56:18","slug":"colisao-entre-carro-e-motocicleta-deixa-duas-mulheres-feridas-em-porto-uniao","status":"publish","type":"post","link":"https:\/\/radiostudiow.com.br\/site\/2025\/01\/13\/colisao-entre-carro-e-motocicleta-deixa-duas-mulheres-feridas-em-porto-uniao\/","title":{"rendered":"Colis\u00e3o entre carro e motocicleta deixa duas mulheres feridas em Porto Uni\u00e3o"},"content":{"rendered":"\n<p>Duas mulheres ficaram feridas em um acidente de tr\u00e2nsito ocorrido no domingo, 12 de janeiro, envolvendo um ve\u00edculo VW Gol e uma motocicleta.<\/p>\n\n\n\n<p>A colis\u00e3o foi atendida pelas equipes das viaturas do Corpo de Bombeiros (COBOM), na Rua Wenceslau Braz, Bairro S\u00e3o Pedro, Porto Uni\u00e3o.<\/p>\n\n\n\n<figure class=\"wp-block-image size-full\"><img loading=\"lazy\" decoding=\"async\" width=\"897\" height=\"204\" src=\"https:\/\/radiostudiow.com.br\/site\/wp-content\/uploads\/2025\/01\/SITE-GRANDE6.png\" alt=\"\" class=\"wp-image-32870\" srcset=\"https:\/\/radiostudiow.com.br\/site\/wp-content\/uploads\/2025\/01\/SITE-GRANDE6.png 897w, https:\/\/radiostudiow.com.br\/site\/wp-content\/uploads\/2025\/01\/SITE-GRANDE6-300x68.png 300w, https:\/\/radiostudiow.com.br\/site\/wp-content\/uploads\/2025\/01\/SITE-GRANDE6-768x175.png 768w\" sizes=\"auto, (max-width: 897px) 100vw, 897px\" \/><\/figure>\n\n\n\n<figure class=\"wp-block-image size-full\"><img loading=\"lazy\" decoding=\"async\" width=\"897\" height=\"204\" src=\"https:\/\/radiostudiow.com.br\/site\/wp-content\/uploads\/2025\/01\/SITE-GRANDE5.png\" alt=\"\" class=\"wp-image-32814\" srcset=\"https:\/\/radiostudiow.com.br\/site\/wp-content\/uploads\/2025\/01\/SITE-GRANDE5.png 897w, https:\/\/radiostudiow.com.br\/site\/wp-content\/uploads\/2025\/01\/SITE-GRANDE5-300x68.png 300w, https:\/\/radiostudiow.com.br\/site\/wp-content\/uploads\/2025\/01\/SITE-GRANDE5-768x175.png 768w\" sizes=\"auto, (max-width: 897px) 100vw, 897px\" \/><\/figure>\n\n\n\n<p>No local, a condutora da motocicleta, de 24 anos, estava consciente e orientada, mas sem capacete. Ela apresentava escoria\u00e7\u00f5es nas m\u00e3os e suspeita de fratura na perna direita.<\/p>\n\n\n\n<p>J\u00e1 a passageira, de 29 anos, que ainda usava capacete, tamb\u00e9m estava consciente e orientada, mas com escoria\u00e7\u00f5es nas m\u00e3os e suspeita de fratura nos arcos costais. As v\u00edtimas receberam atendimento pr\u00e9-hospitalar, foram imobilizadas e encaminhadas ao Hospital S\u00e3o Braz para avalia\u00e7\u00e3o m\u00e9dica. O condutor do carro, um homem de 42 anos, n\u00e3o sofreu ferimentos.<\/p>\n\n\n\n<p>A ocorr\u00eancia refor\u00e7a a import\u00e2ncia do uso correto de equipamentos de prote\u00e7\u00e3o e do respeito \u00e0s normas de tr\u00e2nsito para evitar acidentes e minimizar os impactos em situa\u00e7\u00f5es de colis\u00e3o.<\/p>\n","protected":false},"excerpt":{"rendered":"<p>Duas mulheres ficaram feridas em um acidente de tr\u00e2nsito ocorrido no domingo, 12 de janeiro, envolvendo um ve\u00edculo VW Gol e uma motocicleta. A colis\u00e3o foi atendida pelas equipes das viaturas do Corpo de Bombeiros (COBOM), na Rua Wenceslau Braz, Bairro S\u00e3o Pedro, Porto Uni\u00e3o. No local, a condutora da motocicleta, de 24 anos, estava [&hellip;]<\/p>\n","protected":false},"author":2,"featured_media":32862,"comment_status":"open","ping_status":"open","sticky":false,"template":"","format":"standard","meta":{"footnotes":""},"categories":[185],"tags":[172],"class_list":["post-32861","post","type-post","status-publish","format-standard","has-post-thumbnail","hentry","category-regional","tag-featured"],"amp_enabled":true,"_links":{"self":[{"href":"https:\/\/radiostudiow.com.br\/site\/wp-json\/wp\/v2\/posts\/32861","targetHints":{"allow":["GET"]}}],"collection":[{"href":"https:\/\/radiostudiow.com.br\/site\/wp-json\/wp\/v2\/posts"}],"about":[{"href":"https:\/\/radiostudiow.com.br\/site\/wp-json\/wp\/v2\/types\/post"}],"author":[{"embeddable":true,"href":"https:\/\/radiostudiow.com.br\/site\/wp-json\/wp\/v2\/users\/2"}],"replies":[{"embeddable":true,"href":"https:\/\/radiostudiow.com.br\/site\/wp-json\/wp\/v2\/comments?post=32861"}],"version-history":[{"count":2,"href":"https:\/\/radiostudiow.com.br\/site\/wp-json\/wp\/v2\/posts\/32861\/revisions"}],"predecessor-version":[{"id":32891,"href":"https:\/\/radiostudiow.com.br\/site\/wp-json\/wp\/v2\/posts\/32861\/revisions\/32891"}],"wp:featuredmedia":[{"embeddable":true,"href":"https:\/\/radiostudiow.com.br\/site\/wp-json\/wp\/v2\/media\/32862"}],"wp:attachment":[{"href":"https:\/\/radiostudiow.com.br\/site\/wp-json\/wp\/v2\/media?parent=32861"}],"wp:term":[{"taxonomy":"category","embeddable":true,"href":"https:\/\/radiostudiow.com.br\/site\/wp-json\/wp\/v2\/categories?post=32861"},{"taxonomy":"post_tag","embeddable":true,"href":"https:\/\/radiostudiow.com.br\/site\/wp-json\/wp\/v2\/tags?post=32861"}],"curies":[{"name":"wp","href":"https:\/\/api.w.org\/{rel}","templated":true}]}}