{"id":32876,"date":"2025-01-13T11:58:25","date_gmt":"2025-01-13T14:58:25","guid":{"rendered":"https:\/\/radiostudiow.com.br\/site\/?p=32876"},"modified":"2025-01-31T14:56:18","modified_gmt":"2025-01-31T17:56:18","slug":"apos-maltratar-cavalo-homem-agride-tio-e-vai-preso","status":"publish","type":"post","link":"https:\/\/radiostudiow.com.br\/site\/2025\/01\/13\/apos-maltratar-cavalo-homem-agride-tio-e-vai-preso\/","title":{"rendered":"Ap\u00f3s maltratar cavalo, homem agride tio e vai preso em Uni\u00e3o da Vit\u00f3ria"},"content":{"rendered":"\n<p>Um homem que n\u00e3o teve o nome divulgado, foi preso por les\u00e3o corporal, amea\u00e7a, desobedi\u00eancia, resist\u00eancia e desacato. A situa\u00e7\u00e3o aconteceu no bairro Ponte Nova em Uni\u00e3o da Vit\u00f3ria por volta das 19:25 horas na noite desse s\u00e1bado (11).<\/p>\n\n\n\n<figure class=\"wp-block-image size-full\"><img loading=\"lazy\" decoding=\"async\" width=\"897\" height=\"204\" src=\"https:\/\/radiostudiow.com.br\/site\/wp-content\/uploads\/2025\/01\/SITE-GRANDE3.png\" alt=\"\" class=\"wp-image-32900\" srcset=\"https:\/\/radiostudiow.com.br\/site\/wp-content\/uploads\/2025\/01\/SITE-GRANDE3.png 897w, https:\/\/radiostudiow.com.br\/site\/wp-content\/uploads\/2025\/01\/SITE-GRANDE3-300x68.png 300w, https:\/\/radiostudiow.com.br\/site\/wp-content\/uploads\/2025\/01\/SITE-GRANDE3-768x175.png 768w\" sizes=\"auto, (max-width: 897px) 100vw, 897px\" \/><\/figure>\n\n\n\n<p>Conforme informa\u00e7\u00f5es divulgadas para a imprensa, o homem estaria maltratando seu cavalo e teve sua aten\u00e7\u00e3o chamada pelo tio, o qual buscou lhe orientar a n\u00e3o fazer aquilo. Revoltado, ele agrediu o tio e ainda amea\u00e7ou o mesmo e sua fam\u00edlia de morte.<\/p>\n\n\n\n<p>A Pol\u00edcia foi at\u00e9 o local e ap\u00f3s a abordagem, o homem reagiu proferindo xingamentos para a equipe da PM, sendo necess\u00e1rio que fosse contido. Ele foi conduzido at\u00e9 a delegacia para provid\u00eancias.<a href=\"https:\/\/www.facebook.com\/sharer.php?u=https%3A%2F%2Fcanal4.tv.br%2F2025%2F01%2F12%2Fapos-maltratar-cavalo-homem-agride-tio-e-vai-preso%2F%3Ffbclid%3DIwZXh0bgNhZW0CMTEAAR2FEoyrf9w0Ka1jY5dtmxHcmbWADm1QhBoUv4mS-MIKrj2WzUILZJzCwVg_aem_1PaMADC9NE5iKcNrcLoMkQ\" target=\"_blank\" rel=\"noreferrer noopener\"><\/a><\/p>\n\n\n\n<p><a href=\"https:\/\/web.whatsapp.com\/send?text=Ap%C3%B3s%20maltratar%20cavalo%2C%20homem%20agride%20tio%20e%20vai%20preso%20%E2%98%9B%20https%3A%2F%2Fcanal4.tv.br%2F2025%2F01%2F12%2Fapos-maltratar-cavalo-homem-agride-tio-e-vai-preso%2F%3Ffbclid%3DIwZXh0bgNhZW0CMTEAAR2FEoyrf9w0Ka1jY5dtmxHcmbWADm1QhBoUv4mS-MIKrj2WzUILZJzCwVg_aem_1PaMADC9NE5iKcNrcLoMkQ\" target=\"_blank\" rel=\"noreferrer noopener\"><\/a><\/p>\n\n\n\n<p><a href=\"javascript:void(0);\"><\/a><\/p>\n","protected":false},"excerpt":{"rendered":"<p>Um homem que n\u00e3o teve o nome divulgado, foi preso por les\u00e3o corporal, amea\u00e7a, desobedi\u00eancia, resist\u00eancia e desacato. A situa\u00e7\u00e3o aconteceu no bairro Ponte Nova em Uni\u00e3o da Vit\u00f3ria por volta das 19:25 horas na noite desse s\u00e1bado (11). Conforme informa\u00e7\u00f5es divulgadas para a imprensa, o homem estaria maltratando seu cavalo e teve sua aten\u00e7\u00e3o [&hellip;]<\/p>\n","protected":false},"author":2,"featured_media":28650,"comment_status":"open","ping_status":"open","sticky":false,"template":"","format":"standard","meta":{"footnotes":""},"categories":[2],"tags":[172],"class_list":["post-32876","post","type-post","status-publish","format-standard","has-post-thumbnail","hentry","category-policial","tag-featured"],"amp_enabled":true,"_links":{"self":[{"href":"https:\/\/radiostudiow.com.br\/site\/wp-json\/wp\/v2\/posts\/32876","targetHints":{"allow":["GET"]}}],"collection":[{"href":"https:\/\/radiostudiow.com.br\/site\/wp-json\/wp\/v2\/posts"}],"about":[{"href":"https:\/\/radiostudiow.com.br\/site\/wp-json\/wp\/v2\/types\/post"}],"author":[{"embeddable":true,"href":"https:\/\/radiostudiow.com.br\/site\/wp-json\/wp\/v2\/users\/2"}],"replies":[{"embeddable":true,"href":"https:\/\/radiostudiow.com.br\/site\/wp-json\/wp\/v2\/comments?post=32876"}],"version-history":[{"count":3,"href":"https:\/\/radiostudiow.com.br\/site\/wp-json\/wp\/v2\/posts\/32876\/revisions"}],"predecessor-version":[{"id":32902,"href":"https:\/\/radiostudiow.com.br\/site\/wp-json\/wp\/v2\/posts\/32876\/revisions\/32902"}],"wp:featuredmedia":[{"embeddable":true,"href":"https:\/\/radiostudiow.com.br\/site\/wp-json\/wp\/v2\/media\/28650"}],"wp:attachment":[{"href":"https:\/\/radiostudiow.com.br\/site\/wp-json\/wp\/v2\/media?parent=32876"}],"wp:term":[{"taxonomy":"category","embeddable":true,"href":"https:\/\/radiostudiow.com.br\/site\/wp-json\/wp\/v2\/categories?post=32876"},{"taxonomy":"post_tag","embeddable":true,"href":"https:\/\/radiostudiow.com.br\/site\/wp-json\/wp\/v2\/tags?post=32876"}],"curies":[{"name":"wp","href":"https:\/\/api.w.org\/{rel}","templated":true}]}}