{"id":32878,"date":"2025-01-13T11:45:57","date_gmt":"2025-01-13T14:45:57","guid":{"rendered":"https:\/\/radiostudiow.com.br\/site\/?p=32878"},"modified":"2025-01-31T14:56:43","modified_gmt":"2025-01-31T17:56:43","slug":"homem-e-preso-apos-agredir-mulher-em-uniao-da-vitoria","status":"publish","type":"post","link":"https:\/\/radiostudiow.com.br\/site\/2025\/01\/13\/homem-e-preso-apos-agredir-mulher-em-uniao-da-vitoria\/","title":{"rendered":"Homem \u00e9 preso ap\u00f3s agredir mulher em Uni\u00e3o da Vit\u00f3ria"},"content":{"rendered":"\n<p>Uma mulher acionou a Pol\u00edcia para denunciar seu convivente por les\u00e3o corporal e viol\u00eancia dom\u00e9stica. A ocorr\u00eancia foi registrada por volta da 01:20 horas na madrugada deste domingo (12).<\/p>\n\n\n\n<figure class=\"wp-block-image size-full\"><img loading=\"lazy\" decoding=\"async\" width=\"897\" height=\"204\" src=\"https:\/\/radiostudiow.com.br\/site\/wp-content\/uploads\/2025\/01\/SITE-GRANDE4.png\" alt=\"\" class=\"wp-image-32888\" srcset=\"https:\/\/radiostudiow.com.br\/site\/wp-content\/uploads\/2025\/01\/SITE-GRANDE4.png 897w, https:\/\/radiostudiow.com.br\/site\/wp-content\/uploads\/2025\/01\/SITE-GRANDE4-300x68.png 300w, https:\/\/radiostudiow.com.br\/site\/wp-content\/uploads\/2025\/01\/SITE-GRANDE4-768x175.png 768w\" sizes=\"auto, (max-width: 897px) 100vw, 897px\" \/><\/figure>\n\n\n\n<p>Conforme informa\u00e7\u00f5es, uma mulher relatou que estava ingerindo bebida alco\u00f3lica durante a noite com seu convivente, onde tiveram uma desaven\u00e7a, sendo que o homem lhe puxou o cabelo e teria proferido amea\u00e7as de morte contra ela.<\/p>\n\n\n\n<p>A mulher ainda relatou que teria sofrido outras agress\u00f5es anteriores e amea\u00e7as semelhantes. Diante dos fatos, o homem recebeu voz de pris\u00e3o e foi conduzido at\u00e9 a delegacia para as devidas provid\u00eancias.<a href=\"https:\/\/www.facebook.com\/sharer.php?u=https%3A%2F%2Fcanal4.tv.br%2F2025%2F01%2F12%2Fmulher-e-agredida-por-homem-e-aciona-pm-autor-foi-preso%2F%3Ffbclid%3DIwZXh0bgNhZW0CMTEAAR3awVt6NPLqXr-U1phBxYCRajyC5AFCrgXsXXKfsPDmlvgVBAAy_wHm9qo_aem_i_c3jOlAbaEanWQLENDV7A\" target=\"_blank\" rel=\"noreferrer noopener\"><\/a><\/p>\n\n\n\n<p><a href=\"https:\/\/web.whatsapp.com\/send?text=Mulher%20%C3%A9%20agredida%20por%20homem%20e%20aciona%20PM.%20Autor%20foi%20preso%20%E2%98%9B%20https%3A%2F%2Fcanal4.tv.br%2F2025%2F01%2F12%2Fmulher-e-agredida-por-homem-e-aciona-pm-autor-foi-preso%2F%3Ffbclid%3DIwZXh0bgNhZW0CMTEAAR3awVt6NPLqXr-U1phBxYCRajyC5AFCrgXsXXKfsPDmlvgVBAAy_wHm9qo_aem_i_c3jOlAbaEanWQLENDV7A\" target=\"_blank\" rel=\"noreferrer noopener\"><\/a><\/p>\n\n\n\n<p><a href=\"javascript:void(0);\"><\/a><\/p>\n","protected":false},"excerpt":{"rendered":"<p>Uma mulher acionou a Pol\u00edcia para denunciar seu convivente por les\u00e3o corporal e viol\u00eancia dom\u00e9stica. A ocorr\u00eancia foi registrada por volta da 01:20 horas na madrugada deste domingo (12). Conforme informa\u00e7\u00f5es, uma mulher relatou que estava ingerindo bebida alco\u00f3lica durante a noite com seu convivente, onde tiveram uma desaven\u00e7a, sendo que o homem lhe puxou [&hellip;]<\/p>\n","protected":false},"author":2,"featured_media":32823,"comment_status":"open","ping_status":"open","sticky":false,"template":"","format":"standard","meta":{"footnotes":""},"categories":[2],"tags":[172],"class_list":["post-32878","post","type-post","status-publish","format-standard","has-post-thumbnail","hentry","category-policial","tag-featured"],"amp_enabled":true,"_links":{"self":[{"href":"https:\/\/radiostudiow.com.br\/site\/wp-json\/wp\/v2\/posts\/32878","targetHints":{"allow":["GET"]}}],"collection":[{"href":"https:\/\/radiostudiow.com.br\/site\/wp-json\/wp\/v2\/posts"}],"about":[{"href":"https:\/\/radiostudiow.com.br\/site\/wp-json\/wp\/v2\/types\/post"}],"author":[{"embeddable":true,"href":"https:\/\/radiostudiow.com.br\/site\/wp-json\/wp\/v2\/users\/2"}],"replies":[{"embeddable":true,"href":"https:\/\/radiostudiow.com.br\/site\/wp-json\/wp\/v2\/comments?post=32878"}],"version-history":[{"count":2,"href":"https:\/\/radiostudiow.com.br\/site\/wp-json\/wp\/v2\/posts\/32878\/revisions"}],"predecessor-version":[{"id":32889,"href":"https:\/\/radiostudiow.com.br\/site\/wp-json\/wp\/v2\/posts\/32878\/revisions\/32889"}],"wp:featuredmedia":[{"embeddable":true,"href":"https:\/\/radiostudiow.com.br\/site\/wp-json\/wp\/v2\/media\/32823"}],"wp:attachment":[{"href":"https:\/\/radiostudiow.com.br\/site\/wp-json\/wp\/v2\/media?parent=32878"}],"wp:term":[{"taxonomy":"category","embeddable":true,"href":"https:\/\/radiostudiow.com.br\/site\/wp-json\/wp\/v2\/categories?post=32878"},{"taxonomy":"post_tag","embeddable":true,"href":"https:\/\/radiostudiow.com.br\/site\/wp-json\/wp\/v2\/tags?post=32878"}],"curies":[{"name":"wp","href":"https:\/\/api.w.org\/{rel}","templated":true}]}}