{"id":32916,"date":"2025-01-13T18:09:21","date_gmt":"2025-01-13T21:09:21","guid":{"rendered":"https:\/\/radiostudiow.com.br\/site\/?p=32916"},"modified":"2025-01-31T14:56:18","modified_gmt":"2025-01-31T17:56:18","slug":"video-carro-da-secretaria-da-saude-de-general-caneiro-colisao-frontal-em-carreta-na-pr-418-em-curitiba","status":"publish","type":"post","link":"https:\/\/radiostudiow.com.br\/site\/2025\/01\/13\/video-carro-da-secretaria-da-saude-de-general-caneiro-colisao-frontal-em-carreta-na-pr-418-em-curitiba\/","title":{"rendered":"V\u00eddeo: Carro da Secretaria da Sa\u00fade de General Caneiro se envolve em colis\u00e3o frontal contra carreta na PR-418 em Curitiba"},"content":{"rendered":"\n<p>Um acidente grave envolveu um carro e uma carreta na PR-418, no km 3, em Curitiba, no Contorno Norte na tarde desta segunda-feira (13).<\/p>\n\n\n\n<figure class=\"wp-block-image size-full\"><img loading=\"lazy\" decoding=\"async\" width=\"897\" height=\"204\" src=\"https:\/\/radiostudiow.com.br\/site\/wp-content\/uploads\/2025\/01\/SITE-GRANDE2.png\" alt=\"\" class=\"wp-image-32805\" srcset=\"https:\/\/radiostudiow.com.br\/site\/wp-content\/uploads\/2025\/01\/SITE-GRANDE2.png 897w, https:\/\/radiostudiow.com.br\/site\/wp-content\/uploads\/2025\/01\/SITE-GRANDE2-300x68.png 300w, https:\/\/radiostudiow.com.br\/site\/wp-content\/uploads\/2025\/01\/SITE-GRANDE2-768x175.png 768w\" sizes=\"auto, (max-width: 897px) 100vw, 897px\" \/><\/figure>\n\n\n\n<p>A colis\u00e3o frontal ocorreu quando o carro, a servi\u00e7o do Governo do Estado, invadiu a pista contr\u00e1ria e foi atingido por uma segunda carreta ap\u00f3s sair rodando.<\/p>\n\n\n\n<p>A <a><\/a>condutora do ve\u00edculo, uma mulher de 38 anos, foi socorrida em estado grave, enquanto o motorista da carreta n\u00e3o sofreu ferimentos, e os danos no ve\u00edculo de carga foram leves.<\/p>\n\n\n\n<figure class=\"wp-block-image size-large\"><img loading=\"lazy\" decoding=\"async\" width=\"1024\" height=\"748\" src=\"https:\/\/radiostudiow.com.br\/site\/wp-content\/uploads\/2025\/01\/image-77-1024x748.png\" alt=\"\" class=\"wp-image-32918\" srcset=\"https:\/\/radiostudiow.com.br\/site\/wp-content\/uploads\/2025\/01\/image-77-1024x748.png 1024w, https:\/\/radiostudiow.com.br\/site\/wp-content\/uploads\/2025\/01\/image-77-300x219.png 300w, https:\/\/radiostudiow.com.br\/site\/wp-content\/uploads\/2025\/01\/image-77-768x561.png 768w, https:\/\/radiostudiow.com.br\/site\/wp-content\/uploads\/2025\/01\/image-77.png 1296w\" sizes=\"auto, (max-width: 1024px) 100vw, 1024px\" \/><\/figure>\n\n\n\n<p>O carro, com placas de General Carneiro, no Sul do Paran\u00e1, seguia no sentido Almirante Tamandar\u00e9, enquanto a carreta transitava em dire\u00e7\u00e3o a Campo Largo. A rodovia permaneceu completamente bloqueada nos dois sentidos.<\/p>\n\n\n\n<figure class=\"wp-block-image size-full\"><img loading=\"lazy\" decoding=\"async\" width=\"897\" height=\"204\" src=\"https:\/\/radiostudiow.com.br\/site\/wp-content\/uploads\/2025\/01\/SITE-GRANDE6.png\" alt=\"\" class=\"wp-image-32870\" srcset=\"https:\/\/radiostudiow.com.br\/site\/wp-content\/uploads\/2025\/01\/SITE-GRANDE6.png 897w, https:\/\/radiostudiow.com.br\/site\/wp-content\/uploads\/2025\/01\/SITE-GRANDE6-300x68.png 300w, https:\/\/radiostudiow.com.br\/site\/wp-content\/uploads\/2025\/01\/SITE-GRANDE6-768x175.png 768w\" sizes=\"auto, (max-width: 897px) 100vw, 897px\" \/><\/figure>\n\n\n\n<figure class=\"wp-block-video\"><video height=\"864\" style=\"aspect-ratio: 480 \/ 864;\" width=\"480\" controls src=\"https:\/\/radiostudiow.com.br\/site\/wp-content\/uploads\/2025\/01\/FDownloader.Net_AQMrezvl4nDQ04KZemujJzi9Oj2BNoLVC87yBz0YiEgXioyT1_pvifGwzIhLYuTU1O22iRqlbZg5xNS-eY4Xfx1L_720p_HD.mp4\"><\/video><\/figure>\n","protected":false},"excerpt":{"rendered":"<p>Um acidente grave envolveu um carro e uma carreta na PR-418, no km 3, em Curitiba, no Contorno Norte na tarde desta segunda-feira (13). A colis\u00e3o frontal ocorreu quando o carro, a servi\u00e7o do Governo do Estado, invadiu a pista contr\u00e1ria e foi atingido por uma segunda carreta ap\u00f3s sair rodando. A condutora do ve\u00edculo, [&hellip;]<\/p>\n","protected":false},"author":2,"featured_media":32917,"comment_status":"open","ping_status":"open","sticky":false,"template":"","format":"standard","meta":{"footnotes":""},"categories":[185],"tags":[172],"class_list":["post-32916","post","type-post","status-publish","format-standard","has-post-thumbnail","hentry","category-regional","tag-featured"],"amp_enabled":true,"_links":{"self":[{"href":"https:\/\/radiostudiow.com.br\/site\/wp-json\/wp\/v2\/posts\/32916","targetHints":{"allow":["GET"]}}],"collection":[{"href":"https:\/\/radiostudiow.com.br\/site\/wp-json\/wp\/v2\/posts"}],"about":[{"href":"https:\/\/radiostudiow.com.br\/site\/wp-json\/wp\/v2\/types\/post"}],"author":[{"embeddable":true,"href":"https:\/\/radiostudiow.com.br\/site\/wp-json\/wp\/v2\/users\/2"}],"replies":[{"embeddable":true,"href":"https:\/\/radiostudiow.com.br\/site\/wp-json\/wp\/v2\/comments?post=32916"}],"version-history":[{"count":4,"href":"https:\/\/radiostudiow.com.br\/site\/wp-json\/wp\/v2\/posts\/32916\/revisions"}],"predecessor-version":[{"id":32929,"href":"https:\/\/radiostudiow.com.br\/site\/wp-json\/wp\/v2\/posts\/32916\/revisions\/32929"}],"wp:featuredmedia":[{"embeddable":true,"href":"https:\/\/radiostudiow.com.br\/site\/wp-json\/wp\/v2\/media\/32917"}],"wp:attachment":[{"href":"https:\/\/radiostudiow.com.br\/site\/wp-json\/wp\/v2\/media?parent=32916"}],"wp:term":[{"taxonomy":"category","embeddable":true,"href":"https:\/\/radiostudiow.com.br\/site\/wp-json\/wp\/v2\/categories?post=32916"},{"taxonomy":"post_tag","embeddable":true,"href":"https:\/\/radiostudiow.com.br\/site\/wp-json\/wp\/v2\/tags?post=32916"}],"curies":[{"name":"wp","href":"https:\/\/api.w.org\/{rel}","templated":true}]}}