{"id":32934,"date":"2025-01-14T10:03:03","date_gmt":"2025-01-14T13:03:03","guid":{"rendered":"https:\/\/radiostudiow.com.br\/site\/?p=32934"},"modified":"2025-01-31T14:56:18","modified_gmt":"2025-01-31T17:56:18","slug":"homem-com-mandado-de-prisao-e-encontrado-escondido-em-cemiterio-de-uniao-da-vitoria","status":"publish","type":"post","link":"https:\/\/radiostudiow.com.br\/site\/2025\/01\/14\/homem-com-mandado-de-prisao-e-encontrado-escondido-em-cemiterio-de-uniao-da-vitoria\/","title":{"rendered":"Homem com mandado de pris\u00e3o \u00e9 encontrado escondido em cemit\u00e9rio de Uni\u00e3o da Vit\u00f3ria"},"content":{"rendered":"\n<p>Um homem com um mandado de pris\u00e3o expedido pela Vara de Execu\u00e7\u00f5es Penais e Corregedoria dos Pres\u00eddios de Foz do Igua\u00e7u, foi preso em Uni\u00e3o da Vit\u00f3ria na madrugada deste domingo (12).<\/p>\n\n\n\n<figure class=\"wp-block-image size-full\"><img loading=\"lazy\" decoding=\"async\" width=\"897\" height=\"204\" src=\"https:\/\/radiostudiow.com.br\/site\/wp-content\/uploads\/2025\/01\/SITE-GRANDE3.png\" alt=\"\" class=\"wp-image-32900\" srcset=\"https:\/\/radiostudiow.com.br\/site\/wp-content\/uploads\/2025\/01\/SITE-GRANDE3.png 897w, https:\/\/radiostudiow.com.br\/site\/wp-content\/uploads\/2025\/01\/SITE-GRANDE3-300x68.png 300w, https:\/\/radiostudiow.com.br\/site\/wp-content\/uploads\/2025\/01\/SITE-GRANDE3-768x175.png 768w\" sizes=\"auto, (max-width: 897px) 100vw, 897px\" \/><\/figure>\n\n\n\n<p>Segundo informa\u00e7\u00f5es, a Pol\u00edcia Militar chegou at\u00e9 o suspeito ap\u00f3s receber uma den\u00fancia de que o homem estava escondido no Cemit\u00e9rio Municipal do Distrito de S\u00e3o Crist\u00f3v\u00e3o, sendo deslocado at\u00e9 l\u00e1 e encontrado o homem.<\/p>\n\n\n\n<p>Ele foi abordado e recebeu voz de pris\u00e3o, sendo encaminhado pela Pol\u00edcia at\u00e9 o Departamento Penitenci\u00e1rio onde est\u00e1 a disposi\u00e7\u00e3o da justi\u00e7a. A\u00e7\u00e3o conjunta entre PM de Uni\u00e3o da Vit\u00f3ria e Porto Uni\u00e3o localiza homem com mandado de pris\u00e3o.<\/p>\n","protected":false},"excerpt":{"rendered":"<p>Um homem com um mandado de pris\u00e3o expedido pela Vara de Execu\u00e7\u00f5es Penais e Corregedoria dos Pres\u00eddios de Foz do Igua\u00e7u, foi preso em Uni\u00e3o da Vit\u00f3ria na madrugada deste domingo (12). Segundo informa\u00e7\u00f5es, a Pol\u00edcia Militar chegou at\u00e9 o suspeito ap\u00f3s receber uma den\u00fancia de que o homem estava escondido no Cemit\u00e9rio Municipal do [&hellip;]<\/p>\n","protected":false},"author":2,"featured_media":20850,"comment_status":"open","ping_status":"open","sticky":false,"template":"","format":"standard","meta":{"footnotes":""},"categories":[2],"tags":[172],"class_list":["post-32934","post","type-post","status-publish","format-standard","has-post-thumbnail","hentry","category-policial","tag-featured"],"amp_enabled":true,"_links":{"self":[{"href":"https:\/\/radiostudiow.com.br\/site\/wp-json\/wp\/v2\/posts\/32934","targetHints":{"allow":["GET"]}}],"collection":[{"href":"https:\/\/radiostudiow.com.br\/site\/wp-json\/wp\/v2\/posts"}],"about":[{"href":"https:\/\/radiostudiow.com.br\/site\/wp-json\/wp\/v2\/types\/post"}],"author":[{"embeddable":true,"href":"https:\/\/radiostudiow.com.br\/site\/wp-json\/wp\/v2\/users\/2"}],"replies":[{"embeddable":true,"href":"https:\/\/radiostudiow.com.br\/site\/wp-json\/wp\/v2\/comments?post=32934"}],"version-history":[{"count":1,"href":"https:\/\/radiostudiow.com.br\/site\/wp-json\/wp\/v2\/posts\/32934\/revisions"}],"predecessor-version":[{"id":32935,"href":"https:\/\/radiostudiow.com.br\/site\/wp-json\/wp\/v2\/posts\/32934\/revisions\/32935"}],"wp:featuredmedia":[{"embeddable":true,"href":"https:\/\/radiostudiow.com.br\/site\/wp-json\/wp\/v2\/media\/20850"}],"wp:attachment":[{"href":"https:\/\/radiostudiow.com.br\/site\/wp-json\/wp\/v2\/media?parent=32934"}],"wp:term":[{"taxonomy":"category","embeddable":true,"href":"https:\/\/radiostudiow.com.br\/site\/wp-json\/wp\/v2\/categories?post=32934"},{"taxonomy":"post_tag","embeddable":true,"href":"https:\/\/radiostudiow.com.br\/site\/wp-json\/wp\/v2\/tags?post=32934"}],"curies":[{"name":"wp","href":"https:\/\/api.w.org\/{rel}","templated":true}]}}