{"id":32936,"date":"2025-01-14T10:14:39","date_gmt":"2025-01-14T13:14:39","guid":{"rendered":"https:\/\/radiostudiow.com.br\/site\/?p=32936"},"modified":"2025-01-31T14:56:18","modified_gmt":"2025-01-31T17:56:18","slug":"menina-de-quatro-anos-e-morta-pela-propria-irma-em-mafra-sc","status":"publish","type":"post","link":"https:\/\/radiostudiow.com.br\/site\/2025\/01\/14\/menina-de-quatro-anos-e-morta-pela-propria-irma-em-mafra-sc\/","title":{"rendered":"Menina de quatro anos \u00e9 morta pela pr\u00f3pria irm\u00e3 em Mafra-SC"},"content":{"rendered":"\n<p>Equipes da Pol\u00edcia Militar foram acionadas na manh\u00e3 desta segunda-feira (13) para atender a uma ocorr\u00eancia de homic\u00eddio no bairro Vila Ivete, em Mafra. Uma jovem de 22 anos \u00e9 suspeita de ter esfaqueado a irm\u00e3 mais nova, de apenas 4 anos.<\/p>\n\n\n\n<figure class=\"wp-block-image size-full\"><img loading=\"lazy\" decoding=\"async\" width=\"897\" height=\"204\" src=\"https:\/\/radiostudiow.com.br\/site\/wp-content\/uploads\/2025\/01\/SITE-GRANDE2.png\" alt=\"\" class=\"wp-image-32805\" srcset=\"https:\/\/radiostudiow.com.br\/site\/wp-content\/uploads\/2025\/01\/SITE-GRANDE2.png 897w, https:\/\/radiostudiow.com.br\/site\/wp-content\/uploads\/2025\/01\/SITE-GRANDE2-300x68.png 300w, https:\/\/radiostudiow.com.br\/site\/wp-content\/uploads\/2025\/01\/SITE-GRANDE2-768x175.png 768w\" sizes=\"auto, (max-width: 897px) 100vw, 897px\" \/><\/figure>\n\n\n\n<p>Segundo a Pol\u00edcia Militar, quando as equipes chegaram ao local, foram informadas que a crian\u00e7a j\u00e1 havia sido socorrida por familiares e encaminhada ao Hospital S\u00e3o Vicente de Paulo. A suspeita foi localizada escondida em um dos c\u00f4modos da casa.<\/p>\n\n\n\n<p>Os policiais cercaram a resid\u00eancia e iniciaram negocia\u00e7\u00f5es com a jovem, que se recusou a obedecer \u00e0s ordens e sair do local. Foi necess\u00e1rio o uso de armamento qu\u00edmico n\u00e3o letal e de uma pistola el\u00e9trica para cont\u00ea-la.<\/p>\n\n\n\n<p>De acordo com os agentes, a jovem estava em posse de duas facas e apresentava sinais de desorienta\u00e7\u00e3o, indicando um poss\u00edvel surto psic\u00f3tico.<\/p>\n\n\n\n<figure class=\"wp-block-image size-full\"><img loading=\"lazy\" decoding=\"async\" width=\"897\" height=\"204\" src=\"https:\/\/radiostudiow.com.br\/site\/wp-content\/uploads\/2025\/01\/SITE-GRANDE6.png\" alt=\"\" class=\"wp-image-32870\" srcset=\"https:\/\/radiostudiow.com.br\/site\/wp-content\/uploads\/2025\/01\/SITE-GRANDE6.png 897w, https:\/\/radiostudiow.com.br\/site\/wp-content\/uploads\/2025\/01\/SITE-GRANDE6-300x68.png 300w, https:\/\/radiostudiow.com.br\/site\/wp-content\/uploads\/2025\/01\/SITE-GRANDE6-768x175.png 768w\" sizes=\"auto, (max-width: 897px) 100vw, 897px\" \/><\/figure>\n\n\n\n<p>A suspeita foi encaminhada pelo Servi\u00e7o de Atendimento M\u00f3vel de Urg\u00eancia (Samu) \u00e0 Unidade de Pronto Atendimento (UPA) de Mafra para avalia\u00e7\u00e3o m\u00e9dica. A irm\u00e3 mais nova, que havia sido esfaqueada, n\u00e3o resistiu aos ferimentos e faleceu no hospital.<\/p>\n\n\n\n<p><em>Ser\u00e1 sepultado na tarde desta ter\u00e7a-feira, \u00e0s 15 horas, no cemit\u00e9rio da Roseira, o corpo da pequena<strong>\u00a0Soraia Lia Schmidt, de 4 anos<\/strong>.<\/em><\/p>\n\n\n\n<p><strong>V\u00eddeo mostra a\u00e7\u00e3o da PM para conter jovem suspeita de esfaquear crian\u00e7a em Mafra<\/strong><\/p>\n\n\n\n<div class=\"wp-block-media-text is-stacked-on-mobile\"><figure class=\"wp-block-media-text__media\"><img decoding=\"async\" src=\"https:\/\/radiostudiow.com.br\/site\/wp-content\/uploads\/2024\/12\/469123826_1067698055367090_8061239310061310478_n-1-1024x1000.jpg\" alt=\"\" class=\"wp-image-31800 size-full\"\/><\/figure><div class=\"wp-block-media-text__content\">\n<p>Um v\u00eddeo divulgado pela Pol\u00edcia Militar de Mafra, mostra o momento em que policiais militares tentam conter a jovem de 22 anos, suspeita de esfaquear a pr\u00f3pria irm\u00e3, uma crian\u00e7a de apenas 4 anos de idade.\u00a0<\/p>\n\n\n\n<p>Os policiais fizeram um cerco \u00e0 resid\u00eancia e iniciaram contato com a jovem, que se negou a acatar \u00e0s ordens e sair do c\u00f4modo onde estava escondida. No v\u00eddeo \u00e9 poss\u00edvel perceber que a equipe policial utiliza spray de pimenta e em seguida, efetuam disparos de pistola el\u00e9trica para conter a suspeita.<\/p>\n<\/div><\/div>\n\n\n\n<figure class=\"wp-block-embed is-type-video is-provider-youtube wp-block-embed-youtube wp-embed-aspect-16-9 wp-has-aspect-ratio\"><div class=\"wp-block-embed__wrapper\">\n<iframe loading=\"lazy\" title=\"V\u00eddeo mostra a\u00e7\u00e3o da PM para conter jovem suspeita de esfaquear crian\u00e7a em Mafra\" width=\"740\" height=\"416\" src=\"https:\/\/www.youtube.com\/embed\/NFsP_tmsjco?feature=oembed\" frameborder=\"0\" allow=\"accelerometer; autoplay; clipboard-write; encrypted-media; gyroscope; picture-in-picture; web-share\" referrerpolicy=\"strict-origin-when-cross-origin\" allowfullscreen><\/iframe>\n<\/div><\/figure>\n","protected":false},"excerpt":{"rendered":"<p>Equipes da Pol\u00edcia Militar foram acionadas na manh\u00e3 desta segunda-feira (13) para atender a uma ocorr\u00eancia de homic\u00eddio no bairro Vila Ivete, em Mafra. Uma jovem de 22 anos \u00e9 suspeita de ter esfaqueado a irm\u00e3 mais nova, de apenas 4 anos. Segundo a Pol\u00edcia Militar, quando as equipes chegaram ao local, foram informadas que [&hellip;]<\/p>\n","protected":false},"author":2,"featured_media":32938,"comment_status":"open","ping_status":"open","sticky":false,"template":"","format":"standard","meta":{"footnotes":""},"categories":[2],"tags":[172],"class_list":["post-32936","post","type-post","status-publish","format-standard","has-post-thumbnail","hentry","category-policial","tag-featured"],"amp_enabled":true,"_links":{"self":[{"href":"https:\/\/radiostudiow.com.br\/site\/wp-json\/wp\/v2\/posts\/32936","targetHints":{"allow":["GET"]}}],"collection":[{"href":"https:\/\/radiostudiow.com.br\/site\/wp-json\/wp\/v2\/posts"}],"about":[{"href":"https:\/\/radiostudiow.com.br\/site\/wp-json\/wp\/v2\/types\/post"}],"author":[{"embeddable":true,"href":"https:\/\/radiostudiow.com.br\/site\/wp-json\/wp\/v2\/users\/2"}],"replies":[{"embeddable":true,"href":"https:\/\/radiostudiow.com.br\/site\/wp-json\/wp\/v2\/comments?post=32936"}],"version-history":[{"count":1,"href":"https:\/\/radiostudiow.com.br\/site\/wp-json\/wp\/v2\/posts\/32936\/revisions"}],"predecessor-version":[{"id":32939,"href":"https:\/\/radiostudiow.com.br\/site\/wp-json\/wp\/v2\/posts\/32936\/revisions\/32939"}],"wp:featuredmedia":[{"embeddable":true,"href":"https:\/\/radiostudiow.com.br\/site\/wp-json\/wp\/v2\/media\/32938"}],"wp:attachment":[{"href":"https:\/\/radiostudiow.com.br\/site\/wp-json\/wp\/v2\/media?parent=32936"}],"wp:term":[{"taxonomy":"category","embeddable":true,"href":"https:\/\/radiostudiow.com.br\/site\/wp-json\/wp\/v2\/categories?post=32936"},{"taxonomy":"post_tag","embeddable":true,"href":"https:\/\/radiostudiow.com.br\/site\/wp-json\/wp\/v2\/tags?post=32936"}],"curies":[{"name":"wp","href":"https:\/\/api.w.org\/{rel}","templated":true}]}}