{"id":32940,"date":"2025-01-14T10:16:30","date_gmt":"2025-01-14T13:16:30","guid":{"rendered":"https:\/\/radiostudiow.com.br\/site\/?p=32940"},"modified":"2025-01-31T14:56:18","modified_gmt":"2025-01-31T17:56:18","slug":"dnit-assina-nesta-terca-feira-14-a-ordem-de-servico-para-obras-na-br-476-entre-sao-mateus-do-sul-e-uniao-da-vitoria","status":"publish","type":"post","link":"https:\/\/radiostudiow.com.br\/site\/2025\/01\/14\/dnit-assina-nesta-terca-feira-14-a-ordem-de-servico-para-obras-na-br-476-entre-sao-mateus-do-sul-e-uniao-da-vitoria\/","title":{"rendered":"DNIT assina nesta ter\u00e7a-feira (14), a ordem de servi\u00e7o para obras na BR-476 entre S\u00e3o Mateus do Sul e Uni\u00e3o da Vit\u00f3ria"},"content":{"rendered":"\n<p>O Departamento Nacional de Infraestrutura de Transportes (DNIT) assina nesta ter\u00e7a-feira (14), \u00e0s 9h30, a ordem de servi\u00e7o para a restaura\u00e7\u00e3o da Rodovia do Xisto, BR-476, no trecho entre S\u00e3o Mateus do Sul e Uni\u00e3o da Vit\u00f3ria. O documento ser\u00e1 oficializado no escrit\u00f3rio regional, em Curitiba.<\/p>\n\n\n\n<p>A Ethos Engenharia de Infraestrutura, de Minas Gerais, venceu a licita\u00e7\u00e3o para executar os servi\u00e7os de restaura\u00e7\u00e3o do pavimento das pistas de rolamento e dos acostamentos, al\u00e9m da conserva\u00e7\u00e3o e manuten\u00e7\u00e3o de todo trecho entre as duas cidades. A obra vai custar R$ 99 milh\u00f5es e o prazo de execu\u00e7\u00e3o \u00e9 de 18 meses a 24 meses.<\/p>\n\n\n\n<figure class=\"wp-block-image size-full\"><img loading=\"lazy\" decoding=\"async\" width=\"598\" height=\"204\" src=\"https:\/\/radiostudiow.com.br\/site\/wp-content\/uploads\/2025\/01\/SITE-MEDIO3.png\" alt=\"\" class=\"wp-image-32815\" srcset=\"https:\/\/radiostudiow.com.br\/site\/wp-content\/uploads\/2025\/01\/SITE-MEDIO3.png 598w, https:\/\/radiostudiow.com.br\/site\/wp-content\/uploads\/2025\/01\/SITE-MEDIO3-300x102.png 300w\" sizes=\"auto, (max-width: 598px) 100vw, 598px\" \/><\/figure>\n\n\n\n<p>Em entrevista ao&nbsp;<strong>Portal RDX<\/strong>, o deputado federal Tadeu Veneri (PT) destacou o empenho da popula\u00e7\u00e3o das cidades da regi\u00e3o em busca de melhorias na rodovia.<\/p>\n\n\n\n<p><strong><em>\u201cEu sei das dificuldades da BR-476, afinal de contas, sempre passo por essa rodovia quando vou at\u00e9 Uni\u00e3o da Vit\u00f3ria e sabemos o quanto \u00e9 esperada as melhorias e gere emprego nessa regi\u00e3o. Isso tudo s\u00f3 foi poss\u00edvel gra\u00e7as \u00e0 mobiliza\u00e7\u00e3o do setor empresarial, do setor pol\u00edtico e de todos os segmentos da sociedade\u201d, afirmou.<\/em><\/strong><\/p>\n\n\n\n<p>O superintendente regional do DNIT no Paran\u00e1, H\u00e9lio Gomes, confirmou ao deputado Zeca Dirceu (PT) que a ordem de servi\u00e7o para a restaura\u00e7\u00e3o da BR-476, entre Uni\u00e3o da Vit\u00f3ria e S\u00e3o Mateus do Sul, ser\u00e1 assinada nesta ter\u00e7a-feira, 14, no escrit\u00f3rio regional em Curitiba.<strong><em> \u201c\u00c9 uma demanda hist\u00f3rica da regi\u00e3o e mais um n\u00f3 que o governo Lula est\u00e1 desatando. A recupera\u00e7\u00e3o deste trecho \u00e9 priorit\u00e1ria e urgente e deve ser entregue em tempo recorde at\u00e9 2026\u201d, disse Zeca Dirceu.<\/em><\/strong><\/p>\n\n\n\n<figure class=\"wp-block-image size-full\"><img loading=\"lazy\" decoding=\"async\" width=\"897\" height=\"204\" src=\"https:\/\/radiostudiow.com.br\/site\/wp-content\/uploads\/2025\/01\/SITE-GRANDE5.png\" alt=\"\" class=\"wp-image-32814\" srcset=\"https:\/\/radiostudiow.com.br\/site\/wp-content\/uploads\/2025\/01\/SITE-GRANDE5.png 897w, https:\/\/radiostudiow.com.br\/site\/wp-content\/uploads\/2025\/01\/SITE-GRANDE5-300x68.png 300w, https:\/\/radiostudiow.com.br\/site\/wp-content\/uploads\/2025\/01\/SITE-GRANDE5-768x175.png 768w\" sizes=\"auto, (max-width: 897px) 100vw, 897px\" \/><\/figure>\n\n\n\n<p><em><strong>\u201cJ\u00e1 avisei as lideran\u00e7as, vereadores e prefeitos da regi\u00e3o que a empresa j\u00e1 est\u00e1 autorizada a construir seu canteiros de obras e definir seu plano de ataque que n\u00e3o deve interromper o tr\u00e1fego dos ve\u00edculos e caminh\u00f5es\u201d, disse o deputado que ligou para a vereadora Thays Bieberbach (PT) de Uni\u00e3o da Vit\u00f3ria.<\/strong><\/em><\/p>\n\n\n\n<p>Zeca Dirceu destaca a restaura\u00e7\u00e3o como fundamental para a seguran\u00e7a dos moradores da regi\u00e3o, al\u00e9m de garantir a fluidez no tr\u00e1fego e na vida \u00fatil da BR-476. <em><strong>\u201cSer\u00e3o tomadas as medidas necess\u00e1rias para minimizar os transtornos no tr\u00e1fego durante a execu\u00e7\u00e3o das obras\u201d, finalizou.<\/strong><\/em><\/p>\n","protected":false},"excerpt":{"rendered":"<p>O Departamento Nacional de Infraestrutura de Transportes (DNIT) assina nesta ter\u00e7a-feira (14), \u00e0s 9h30, a ordem de servi\u00e7o para a restaura\u00e7\u00e3o da Rodovia do Xisto, BR-476, no trecho entre S\u00e3o Mateus do Sul e Uni\u00e3o da Vit\u00f3ria. O documento ser\u00e1 oficializado no escrit\u00f3rio regional, em Curitiba. A Ethos Engenharia de Infraestrutura, de Minas Gerais, venceu [&hellip;]<\/p>\n","protected":false},"author":2,"featured_media":32941,"comment_status":"open","ping_status":"open","sticky":false,"template":"","format":"standard","meta":{"footnotes":""},"categories":[185],"tags":[172],"class_list":["post-32940","post","type-post","status-publish","format-standard","has-post-thumbnail","hentry","category-regional","tag-featured"],"amp_enabled":true,"_links":{"self":[{"href":"https:\/\/radiostudiow.com.br\/site\/wp-json\/wp\/v2\/posts\/32940","targetHints":{"allow":["GET"]}}],"collection":[{"href":"https:\/\/radiostudiow.com.br\/site\/wp-json\/wp\/v2\/posts"}],"about":[{"href":"https:\/\/radiostudiow.com.br\/site\/wp-json\/wp\/v2\/types\/post"}],"author":[{"embeddable":true,"href":"https:\/\/radiostudiow.com.br\/site\/wp-json\/wp\/v2\/users\/2"}],"replies":[{"embeddable":true,"href":"https:\/\/radiostudiow.com.br\/site\/wp-json\/wp\/v2\/comments?post=32940"}],"version-history":[{"count":1,"href":"https:\/\/radiostudiow.com.br\/site\/wp-json\/wp\/v2\/posts\/32940\/revisions"}],"predecessor-version":[{"id":32942,"href":"https:\/\/radiostudiow.com.br\/site\/wp-json\/wp\/v2\/posts\/32940\/revisions\/32942"}],"wp:featuredmedia":[{"embeddable":true,"href":"https:\/\/radiostudiow.com.br\/site\/wp-json\/wp\/v2\/media\/32941"}],"wp:attachment":[{"href":"https:\/\/radiostudiow.com.br\/site\/wp-json\/wp\/v2\/media?parent=32940"}],"wp:term":[{"taxonomy":"category","embeddable":true,"href":"https:\/\/radiostudiow.com.br\/site\/wp-json\/wp\/v2\/categories?post=32940"},{"taxonomy":"post_tag","embeddable":true,"href":"https:\/\/radiostudiow.com.br\/site\/wp-json\/wp\/v2\/tags?post=32940"}],"curies":[{"name":"wp","href":"https:\/\/api.w.org\/{rel}","templated":true}]}}