{"id":32953,"date":"2025-01-14T10:42:32","date_gmt":"2025-01-14T13:42:32","guid":{"rendered":"https:\/\/radiostudiow.com.br\/site\/?p=32953"},"modified":"2025-01-31T14:56:18","modified_gmt":"2025-01-31T17:56:18","slug":"30-metros-de-fio-de-cobre-sao-furtados-em-propriedade-de-paulo-frontin","status":"publish","type":"post","link":"https:\/\/radiostudiow.com.br\/site\/2025\/01\/14\/30-metros-de-fio-de-cobre-sao-furtados-em-propriedade-de-paulo-frontin\/","title":{"rendered":"30 metros de fio de cobre s\u00e3o furtados em propriedade de Paulo Frontin"},"content":{"rendered":"\n<p>Um senhor compareceu ao Pelot\u00e3o da Pol\u00edcia Militar de Paulo Frontin por volta das 13:10 horas dessa segunda-feira, 13 de janeiro, relatando uma situa\u00e7\u00e3o de furto em sua propriedade.<\/p>\n\n\n\n<p>O solicitante relatou que neste final de semana, teve sua propriedade invadida, e aproximadamente 30 metros de fio de cobre furtados. Afirma que n\u00e3o foi a primeira vez que indiv\u00edduos entram em seu im\u00f3vel, e que neste final de semana, os criminosos arrombaram o cadeado do port\u00e3o, e adentraram o escrit\u00f3rio local.<\/p>\n\n\n\n<figure class=\"wp-block-image size-full\"><img loading=\"lazy\" decoding=\"async\" width=\"598\" height=\"204\" src=\"https:\/\/radiostudiow.com.br\/site\/wp-content\/uploads\/2025\/01\/SITE-MEDIO.png\" alt=\"\" class=\"wp-image-32810\" srcset=\"https:\/\/radiostudiow.com.br\/site\/wp-content\/uploads\/2025\/01\/SITE-MEDIO.png 598w, https:\/\/radiostudiow.com.br\/site\/wp-content\/uploads\/2025\/01\/SITE-MEDIO-300x102.png 300w\" sizes=\"auto, (max-width: 598px) 100vw, 598px\" \/><\/figure>\n\n\n\n<p>A v\u00edtima acredita que os autores possivelmente s\u00e3o os mesmos que j\u00e1 teriam adentrado anteriormente, pelo fato de que foram em dire\u00e7\u00e3o as c\u00e2meras, de forma a n\u00e3o serem identificados, antes de iniciar toda a a\u00e7\u00e3o, e que dentro do barrac\u00e3o, onde possui sistema de alarmes, n\u00e3o adentraram.<\/p>\n\n\n\n<p>Diante dos relatos a equipe policial orientou o solicitante quanto aos procedimentos cab\u00edveis.<\/p>\n","protected":false},"excerpt":{"rendered":"<p>Um senhor compareceu ao Pelot\u00e3o da Pol\u00edcia Militar de Paulo Frontin por volta das 13:10 horas dessa segunda-feira, 13 de janeiro, relatando uma situa\u00e7\u00e3o de furto em sua propriedade. O solicitante relatou que neste final de semana, teve sua propriedade invadida, e aproximadamente 30 metros de fio de cobre furtados. Afirma que n\u00e3o foi a [&hellip;]<\/p>\n","protected":false},"author":2,"featured_media":32954,"comment_status":"open","ping_status":"open","sticky":false,"template":"","format":"standard","meta":{"footnotes":""},"categories":[2],"tags":[172],"class_list":["post-32953","post","type-post","status-publish","format-standard","has-post-thumbnail","hentry","category-policial","tag-featured"],"amp_enabled":true,"_links":{"self":[{"href":"https:\/\/radiostudiow.com.br\/site\/wp-json\/wp\/v2\/posts\/32953","targetHints":{"allow":["GET"]}}],"collection":[{"href":"https:\/\/radiostudiow.com.br\/site\/wp-json\/wp\/v2\/posts"}],"about":[{"href":"https:\/\/radiostudiow.com.br\/site\/wp-json\/wp\/v2\/types\/post"}],"author":[{"embeddable":true,"href":"https:\/\/radiostudiow.com.br\/site\/wp-json\/wp\/v2\/users\/2"}],"replies":[{"embeddable":true,"href":"https:\/\/radiostudiow.com.br\/site\/wp-json\/wp\/v2\/comments?post=32953"}],"version-history":[{"count":1,"href":"https:\/\/radiostudiow.com.br\/site\/wp-json\/wp\/v2\/posts\/32953\/revisions"}],"predecessor-version":[{"id":32955,"href":"https:\/\/radiostudiow.com.br\/site\/wp-json\/wp\/v2\/posts\/32953\/revisions\/32955"}],"wp:featuredmedia":[{"embeddable":true,"href":"https:\/\/radiostudiow.com.br\/site\/wp-json\/wp\/v2\/media\/32954"}],"wp:attachment":[{"href":"https:\/\/radiostudiow.com.br\/site\/wp-json\/wp\/v2\/media?parent=32953"}],"wp:term":[{"taxonomy":"category","embeddable":true,"href":"https:\/\/radiostudiow.com.br\/site\/wp-json\/wp\/v2\/categories?post=32953"},{"taxonomy":"post_tag","embeddable":true,"href":"https:\/\/radiostudiow.com.br\/site\/wp-json\/wp\/v2\/tags?post=32953"}],"curies":[{"name":"wp","href":"https:\/\/api.w.org\/{rel}","templated":true}]}}