{"id":32956,"date":"2025-01-14T10:57:35","date_gmt":"2025-01-14T13:57:35","guid":{"rendered":"https:\/\/radiostudiow.com.br\/site\/?p=32956"},"modified":"2025-01-31T14:56:18","modified_gmt":"2025-01-31T17:56:18","slug":"procon-pr-lanca-cartilha-com-orientacoes-para-compra-de-veiculos-usados","status":"publish","type":"post","link":"https:\/\/radiostudiow.com.br\/site\/2025\/01\/14\/procon-pr-lanca-cartilha-com-orientacoes-para-compra-de-veiculos-usados\/","title":{"rendered":"Procon-PR lan\u00e7a cartilha com orienta\u00e7\u00f5es para compra de ve\u00edculos usados"},"content":{"rendered":"\n<p>A Secretaria da Justi\u00e7a e Cidadania, por meio da Coordena\u00e7\u00e3o Estadual de Prote\u00e7\u00e3o e Defesa do Consumidor (Procon-PR), lan\u00e7ou nesta segunda-feira (13) uma cartilha com orienta\u00e7\u00f5es para a compra de ve\u00edculos usados. Intitulada&nbsp;<strong><a href=\"https:\/\/www.aen.pr.gov.br\/sites\/default\/arquivos_restritos\/files\/documento\/2025-01\/1301_cartilhaveiculos_0.pdf\" target=\"_blank\" rel=\"noreferrer noopener\">\u201cDicas para Compra de Carros Seminovos e Usados\u201d,<\/a>&nbsp;<\/strong>&nbsp;ela foi elaborada por conta do crescimento acima do esperado deste mercado. Segundo a Federa\u00e7\u00e3o dos Revendedores de Ve\u00edculos Usados (Fenauto), foram registradas mais de 15,7 milh\u00f5es de vendas no Brasil em 2024, um crescimento de 9,2% em rela\u00e7\u00e3o ao ano anterior.<\/p>\n\n\n\n<figure class=\"wp-block-image size-full\"><img loading=\"lazy\" decoding=\"async\" width=\"897\" height=\"204\" src=\"https:\/\/radiostudiow.com.br\/site\/wp-content\/uploads\/2025\/01\/SITE-GRANDE3.png\" alt=\"\" class=\"wp-image-32900\" srcset=\"https:\/\/radiostudiow.com.br\/site\/wp-content\/uploads\/2025\/01\/SITE-GRANDE3.png 897w, https:\/\/radiostudiow.com.br\/site\/wp-content\/uploads\/2025\/01\/SITE-GRANDE3-300x68.png 300w, https:\/\/radiostudiow.com.br\/site\/wp-content\/uploads\/2025\/01\/SITE-GRANDE3-768x175.png 768w\" sizes=\"auto, (max-width: 897px) 100vw, 897px\" \/><\/figure>\n\n\n\n<p>No ano de 2024, o Procon-PR recebeu mais de 370 registros de consumidores que compraram ve\u00edculos e tiveram problemas, e algumas situa\u00e7\u00f5es t\u00eam preocupado bastante os \u00f3rg\u00e3os de defesa do consumidor: a venda de ve\u00edculos, normalmente financiados, em p\u00e9ssimas condi\u00e7\u00f5es de funcionamento e o atendimento prec\u00e1rio dos vendedores.<\/p>\n\n\n\n<p><em><strong>\u201c\u00c9 importante que o consumidor saiba quais s\u00e3o os direitos na compra de um carro e tamb\u00e9m tome alguns cuidados para evitar inc\u00f4modos posteriores, afinal, se trata de um investimento significativo, especialmente se o ve\u00edculo for financiado\u201d, destaca Santin Roveda, secret\u00e1rio da Justi\u00e7a e Cidadania.<\/strong><\/em><\/p>\n\n\n\n<p>Entre as dicas est\u00e3o\u00a0n\u00e3o fechar neg\u00f3cio sem antes submeter o ve\u00edculo a um mec\u00e2nico de confian\u00e7a. <strong><em>\u201cPe\u00e7a uma verifica\u00e7\u00e3o completa da parte mec\u00e2nica, hidr\u00e1ulica, el\u00e9trica e de lataria para identificar eventuais colis\u00f5es graves. O mec\u00e2nico dever\u00e1 ainda verificar o som do motor, se a \u00e1gua do radiador est\u00e1 limpa e no limite do marcador, bem como o n\u00edvel, a cor e a viscosidade do \u00f3leo. O estado dos espelhos retrovisores, para-choques, lanternas, freios e embreagem, que s\u00e3o itens de seguran\u00e7a tamb\u00e9m deve ser conferido\u201d, afirma o texto.<\/em><\/strong><\/p>\n\n\n\n<figure class=\"wp-block-image size-full\"><img loading=\"lazy\" decoding=\"async\" width=\"897\" height=\"204\" src=\"https:\/\/radiostudiow.com.br\/site\/wp-content\/uploads\/2025\/01\/SITE-GRANDE6.png\" alt=\"\" class=\"wp-image-32870\" srcset=\"https:\/\/radiostudiow.com.br\/site\/wp-content\/uploads\/2025\/01\/SITE-GRANDE6.png 897w, https:\/\/radiostudiow.com.br\/site\/wp-content\/uploads\/2025\/01\/SITE-GRANDE6-300x68.png 300w, https:\/\/radiostudiow.com.br\/site\/wp-content\/uploads\/2025\/01\/SITE-GRANDE6-768x175.png 768w\" sizes=\"auto, (max-width: 897px) 100vw, 897px\" \/><\/figure>\n\n\n\n<p>Outra orienta\u00e7\u00e3o \u00e9 cuidar para as chamadas \u201cvistorias cautelares\u201d. Esse procedimento pode ser interessante, mas o vendedor deve esclarecer o consumidor sobre quais aspectos do ve\u00edculo foram periciados\/vistoriados, pois normalmente a per\u00edcia abrange somente motor e caixa de c\u00e2mbio. E mesmo que o ve\u00edculo tenha sido periciado, antes de comprar, \u00e9 prudente consultar seu mec\u00e2nico de confian\u00e7a.<\/p>\n\n\n\n<p>Al\u00e9m da elabora\u00e7\u00e3o da cartilha, o Procon-PR e os Procons Municipais do Paran\u00e1 notificar\u00e3o os bancos que financiam os ve\u00edculos. O objetivo \u00e9 recomendar que haja crit\u00e9rios mais rigorosos na escolha dos parceiros comerciais para que o consumidor n\u00e3o seja prejudicado. Al\u00e9m disso, o carro serve como garantia na concess\u00e3o do financiamento, portanto, as institui\u00e7\u00f5es financeiras t\u00eam que exigir das revendas produtos de qualidade.<\/p>\n\n\n\n<figure class=\"wp-block-image size-full\"><img loading=\"lazy\" decoding=\"async\" width=\"300\" height=\"180\" src=\"https:\/\/radiostudiow.com.br\/site\/wp-content\/uploads\/2025\/01\/SITE-PEQUENO2.png\" alt=\"\" class=\"wp-image-32894\"\/><\/figure>\n\n\n\n<p><strong><em>\u201cOs consumidores n\u00e3o devem comprar ve\u00edculos na emo\u00e7\u00e3o. \u00c9 muito importante pesquisar, avaliar, submeter o autom\u00f3vel a um mec\u00e2nico de confian\u00e7a, que deve vistoriar e testar o carro de forma minuciosa\u201d, orienta Claudia Silvano, coordenadora do Procon-PR.<\/em><\/strong><\/p>\n\n\n\n<p>Reclama\u00e7\u00f5es podem ser feitas pelos canais online de atendimento do Procon-PR dispon\u00edveis em&nbsp;<strong><a href=\"https:\/\/www.procon.pr.gov.br\/Pagina\/Formas-de-Atendimento\" target=\"_blank\" rel=\"noreferrer noopener\">www.procon.pr.gov.br\/Pagina\/Formas-de-Atendimento<\/a><\/strong>.<\/p>\n\n\n\n<p><strong><em>Com informa\u00e7\u00f5es Ag\u00eancia Estadual de Not\u00edcias<\/em><\/strong><\/p>\n","protected":false},"excerpt":{"rendered":"<p>A Secretaria da Justi\u00e7a e Cidadania, por meio da Coordena\u00e7\u00e3o Estadual de Prote\u00e7\u00e3o e Defesa do Consumidor (Procon-PR), lan\u00e7ou nesta segunda-feira (13) uma cartilha com orienta\u00e7\u00f5es para a compra de ve\u00edculos usados. Intitulada&nbsp;\u201cDicas para Compra de Carros Seminovos e Usados\u201d,&nbsp;&nbsp;ela foi elaborada por conta do crescimento acima do esperado deste mercado. Segundo a Federa\u00e7\u00e3o dos [&hellip;]<\/p>\n","protected":false},"author":2,"featured_media":32957,"comment_status":"open","ping_status":"open","sticky":false,"template":"","format":"standard","meta":{"footnotes":""},"categories":[7],"tags":[172],"class_list":["post-32956","post","type-post","status-publish","format-standard","has-post-thumbnail","hentry","category-geral","tag-featured"],"amp_enabled":true,"_links":{"self":[{"href":"https:\/\/radiostudiow.com.br\/site\/wp-json\/wp\/v2\/posts\/32956","targetHints":{"allow":["GET"]}}],"collection":[{"href":"https:\/\/radiostudiow.com.br\/site\/wp-json\/wp\/v2\/posts"}],"about":[{"href":"https:\/\/radiostudiow.com.br\/site\/wp-json\/wp\/v2\/types\/post"}],"author":[{"embeddable":true,"href":"https:\/\/radiostudiow.com.br\/site\/wp-json\/wp\/v2\/users\/2"}],"replies":[{"embeddable":true,"href":"https:\/\/radiostudiow.com.br\/site\/wp-json\/wp\/v2\/comments?post=32956"}],"version-history":[{"count":1,"href":"https:\/\/radiostudiow.com.br\/site\/wp-json\/wp\/v2\/posts\/32956\/revisions"}],"predecessor-version":[{"id":32958,"href":"https:\/\/radiostudiow.com.br\/site\/wp-json\/wp\/v2\/posts\/32956\/revisions\/32958"}],"wp:featuredmedia":[{"embeddable":true,"href":"https:\/\/radiostudiow.com.br\/site\/wp-json\/wp\/v2\/media\/32957"}],"wp:attachment":[{"href":"https:\/\/radiostudiow.com.br\/site\/wp-json\/wp\/v2\/media?parent=32956"}],"wp:term":[{"taxonomy":"category","embeddable":true,"href":"https:\/\/radiostudiow.com.br\/site\/wp-json\/wp\/v2\/categories?post=32956"},{"taxonomy":"post_tag","embeddable":true,"href":"https:\/\/radiostudiow.com.br\/site\/wp-json\/wp\/v2\/tags?post=32956"}],"curies":[{"name":"wp","href":"https:\/\/api.w.org\/{rel}","templated":true}]}}