{"id":32960,"date":"2025-01-14T11:36:41","date_gmt":"2025-01-14T14:36:41","guid":{"rendered":"https:\/\/radiostudiow.com.br\/site\/?p=32960"},"modified":"2025-01-31T14:56:18","modified_gmt":"2025-01-31T17:56:18","slug":"homem-e-preso-por-violencia-domestica-e-posse-irregular-de-arma-de-fogo-em-paulo-frontin","status":"publish","type":"post","link":"https:\/\/radiostudiow.com.br\/site\/2025\/01\/14\/homem-e-preso-por-violencia-domestica-e-posse-irregular-de-arma-de-fogo-em-paulo-frontin\/","title":{"rendered":"Homem \u00e9 preso por viol\u00eancia dom\u00e9stica e posse irregular de arma de fogo em Paulo Frontin"},"content":{"rendered":"\n<p>Uma mulher procurou a equipe da Pol\u00edcia Militar de Paulo Frontin por volta das 21 horas dessa segunda-feira, 13 de janeiro, para atender uma situa\u00e7\u00e3o de viol\u00eancia dom\u00e9stica que terminou com posse irregular de arma de fogo.<\/p>\n\n\n\n<figure class=\"wp-block-image size-full\"><img loading=\"lazy\" decoding=\"async\" width=\"897\" height=\"204\" src=\"https:\/\/radiostudiow.com.br\/site\/wp-content\/uploads\/2025\/01\/SITE-GRANDE5.png\" alt=\"\" class=\"wp-image-32814\" srcset=\"https:\/\/radiostudiow.com.br\/site\/wp-content\/uploads\/2025\/01\/SITE-GRANDE5.png 897w, https:\/\/radiostudiow.com.br\/site\/wp-content\/uploads\/2025\/01\/SITE-GRANDE5-300x68.png 300w, https:\/\/radiostudiow.com.br\/site\/wp-content\/uploads\/2025\/01\/SITE-GRANDE5-768x175.png 768w\" sizes=\"auto, (max-width: 897px) 100vw, 897px\" \/><\/figure>\n\n\n\n<p>A solicitante relatou aos policiais que foi at\u00e9 a resid\u00eancia do seu ex c\u00f4njuge na tentativa de reaver os filhos, visto que o combinado era entreg\u00e1-los at\u00e9 \u00e0s 17 horas dessa segunda-feira (13), momento este em que foi agredida pelo autor.<\/p>\n\n\n\n<p>A equipe policial se deslocou juntamente com a v\u00edtima at\u00e9 o endere\u00e7o indicado, ao chegar o mesmo concordou em colaborar com a equipe.<\/p>\n\n\n\n<figure class=\"wp-block-image size-full\"><img loading=\"lazy\" decoding=\"async\" width=\"897\" height=\"204\" src=\"https:\/\/radiostudiow.com.br\/site\/wp-content\/uploads\/2025\/01\/SITE-GRANDE6.png\" alt=\"\" class=\"wp-image-32870\" srcset=\"https:\/\/radiostudiow.com.br\/site\/wp-content\/uploads\/2025\/01\/SITE-GRANDE6.png 897w, https:\/\/radiostudiow.com.br\/site\/wp-content\/uploads\/2025\/01\/SITE-GRANDE6-300x68.png 300w, https:\/\/radiostudiow.com.br\/site\/wp-content\/uploads\/2025\/01\/SITE-GRANDE6-768x175.png 768w\" sizes=\"auto, (max-width: 897px) 100vw, 897px\" \/><\/figure>\n\n\n\n<p>Havia tamb\u00e9m uma den\u00fancia que o homem possu\u00eda uma arma de fogo irregular em sua posse, com a colabora\u00e7\u00e3o do autor foi localizada uma espingarda calibre 12 municiada com duas muni\u00e7\u00f5es e mais quatro muni\u00e7\u00f5es sobressalentes.<\/p>\n\n\n\n<p>Foi dada voz de pris\u00e3o ao autor e entregue na 4\u00aa SDP de uni\u00e3o da vit\u00f3ria pelos crimes de les\u00e3o corporal viol\u00eancia dom\u00e9stica e posse irregular de arma de fogo<\/p>\n","protected":false},"excerpt":{"rendered":"<p>Uma mulher procurou a equipe da Pol\u00edcia Militar de Paulo Frontin por volta das 21 horas dessa segunda-feira, 13 de janeiro, para atender uma situa\u00e7\u00e3o de viol\u00eancia dom\u00e9stica que terminou com posse irregular de arma de fogo. A solicitante relatou aos policiais que foi at\u00e9 a resid\u00eancia do seu ex c\u00f4njuge na tentativa de reaver [&hellip;]<\/p>\n","protected":false},"author":2,"featured_media":32961,"comment_status":"open","ping_status":"open","sticky":false,"template":"","format":"standard","meta":{"footnotes":""},"categories":[2],"tags":[172],"class_list":["post-32960","post","type-post","status-publish","format-standard","has-post-thumbnail","hentry","category-policial","tag-featured"],"amp_enabled":true,"_links":{"self":[{"href":"https:\/\/radiostudiow.com.br\/site\/wp-json\/wp\/v2\/posts\/32960","targetHints":{"allow":["GET"]}}],"collection":[{"href":"https:\/\/radiostudiow.com.br\/site\/wp-json\/wp\/v2\/posts"}],"about":[{"href":"https:\/\/radiostudiow.com.br\/site\/wp-json\/wp\/v2\/types\/post"}],"author":[{"embeddable":true,"href":"https:\/\/radiostudiow.com.br\/site\/wp-json\/wp\/v2\/users\/2"}],"replies":[{"embeddable":true,"href":"https:\/\/radiostudiow.com.br\/site\/wp-json\/wp\/v2\/comments?post=32960"}],"version-history":[{"count":1,"href":"https:\/\/radiostudiow.com.br\/site\/wp-json\/wp\/v2\/posts\/32960\/revisions"}],"predecessor-version":[{"id":32962,"href":"https:\/\/radiostudiow.com.br\/site\/wp-json\/wp\/v2\/posts\/32960\/revisions\/32962"}],"wp:featuredmedia":[{"embeddable":true,"href":"https:\/\/radiostudiow.com.br\/site\/wp-json\/wp\/v2\/media\/32961"}],"wp:attachment":[{"href":"https:\/\/radiostudiow.com.br\/site\/wp-json\/wp\/v2\/media?parent=32960"}],"wp:term":[{"taxonomy":"category","embeddable":true,"href":"https:\/\/radiostudiow.com.br\/site\/wp-json\/wp\/v2\/categories?post=32960"},{"taxonomy":"post_tag","embeddable":true,"href":"https:\/\/radiostudiow.com.br\/site\/wp-json\/wp\/v2\/tags?post=32960"}],"curies":[{"name":"wp","href":"https:\/\/api.w.org\/{rel}","templated":true}]}}