{"id":32964,"date":"2025-01-14T11:50:38","date_gmt":"2025-01-14T14:50:38","guid":{"rendered":"https:\/\/radiostudiow.com.br\/site\/?p=32964"},"modified":"2025-01-31T14:56:18","modified_gmt":"2025-01-31T17:56:18","slug":"pm-recupera-caminhao-que-havia-sido-furtado-em-general-carneiro","status":"publish","type":"post","link":"https:\/\/radiostudiow.com.br\/site\/2025\/01\/14\/pm-recupera-caminhao-que-havia-sido-furtado-em-general-carneiro\/","title":{"rendered":"PM recupera caminh\u00e3o que havia sido furtado em General Carneiro"},"content":{"rendered":"\n<p>A equipe da Pol\u00edcia Militar de General Carneiro foi acionada para atender uma ocorr\u00eancia de furto na localidade de Col\u00f4nia Arroio do Gado. A situa\u00e7\u00e3o foi registrada por volta das 19:14 horas dessa segunda-feira (13).<\/p>\n\n\n\n<figure class=\"wp-block-image size-full\"><img loading=\"lazy\" decoding=\"async\" width=\"897\" height=\"204\" src=\"https:\/\/radiostudiow.com.br\/site\/wp-content\/uploads\/2025\/01\/SITE-GRANDE2.png\" alt=\"\" class=\"wp-image-32805\" srcset=\"https:\/\/radiostudiow.com.br\/site\/wp-content\/uploads\/2025\/01\/SITE-GRANDE2.png 897w, https:\/\/radiostudiow.com.br\/site\/wp-content\/uploads\/2025\/01\/SITE-GRANDE2-300x68.png 300w, https:\/\/radiostudiow.com.br\/site\/wp-content\/uploads\/2025\/01\/SITE-GRANDE2-768x175.png 768w\" sizes=\"auto, (max-width: 897px) 100vw, 897px\" \/><\/figure>\n\n\n\n<p>No local, com o apoio da patrulha rural, foi conversado com o solicitante, o qual relatou que ao retornar \u00e0 sua resid\u00eancia, seu chacareiro percebeu o furto de um caminh\u00e3o Mercedes 608D e outros objetos. Ap\u00f3s o registro, o Copom informou que um caminh\u00e3o foi encontrado abandonado na estrada pr\u00f3xima.<\/p>\n\n\n\n<p>A equipe se deslocou at\u00e9 o local e, com a presen\u00e7a do dono que confirmou que o caminh\u00e3o recuperado era o seu. Ap\u00f3s tratativas administrativas o ve\u00edculo foi entregue ao seu propriet\u00e1rio.<\/p>\n","protected":false},"excerpt":{"rendered":"<p>A equipe da Pol\u00edcia Militar de General Carneiro foi acionada para atender uma ocorr\u00eancia de furto na localidade de Col\u00f4nia Arroio do Gado. A situa\u00e7\u00e3o foi registrada por volta das 19:14 horas dessa segunda-feira (13). No local, com o apoio da patrulha rural, foi conversado com o solicitante, o qual relatou que ao retornar \u00e0 [&hellip;]<\/p>\n","protected":false},"author":2,"featured_media":32965,"comment_status":"open","ping_status":"open","sticky":false,"template":"","format":"standard","meta":{"footnotes":""},"categories":[2],"tags":[172],"class_list":["post-32964","post","type-post","status-publish","format-standard","has-post-thumbnail","hentry","category-policial","tag-featured"],"amp_enabled":true,"_links":{"self":[{"href":"https:\/\/radiostudiow.com.br\/site\/wp-json\/wp\/v2\/posts\/32964","targetHints":{"allow":["GET"]}}],"collection":[{"href":"https:\/\/radiostudiow.com.br\/site\/wp-json\/wp\/v2\/posts"}],"about":[{"href":"https:\/\/radiostudiow.com.br\/site\/wp-json\/wp\/v2\/types\/post"}],"author":[{"embeddable":true,"href":"https:\/\/radiostudiow.com.br\/site\/wp-json\/wp\/v2\/users\/2"}],"replies":[{"embeddable":true,"href":"https:\/\/radiostudiow.com.br\/site\/wp-json\/wp\/v2\/comments?post=32964"}],"version-history":[{"count":1,"href":"https:\/\/radiostudiow.com.br\/site\/wp-json\/wp\/v2\/posts\/32964\/revisions"}],"predecessor-version":[{"id":32966,"href":"https:\/\/radiostudiow.com.br\/site\/wp-json\/wp\/v2\/posts\/32964\/revisions\/32966"}],"wp:featuredmedia":[{"embeddable":true,"href":"https:\/\/radiostudiow.com.br\/site\/wp-json\/wp\/v2\/media\/32965"}],"wp:attachment":[{"href":"https:\/\/radiostudiow.com.br\/site\/wp-json\/wp\/v2\/media?parent=32964"}],"wp:term":[{"taxonomy":"category","embeddable":true,"href":"https:\/\/radiostudiow.com.br\/site\/wp-json\/wp\/v2\/categories?post=32964"},{"taxonomy":"post_tag","embeddable":true,"href":"https:\/\/radiostudiow.com.br\/site\/wp-json\/wp\/v2\/tags?post=32964"}],"curies":[{"name":"wp","href":"https:\/\/api.w.org\/{rel}","templated":true}]}}